{"id":42633,"date":"2024-05-22T05:41:33","date_gmt":"2024-05-22T05:41:33","guid":{"rendered":"https:\/\/uvt.ro\/cercetare\/?p=42633"},"modified":"2024-05-22T05:41:34","modified_gmt":"2024-05-22T05:41:34","slug":"noul-studiu-al-ce-privind-imbunatatirea-accesului-si-reutilizarea-rezultatelor-cercetarilor","status":"publish","type":"post","link":"https:\/\/uvt.ro\/cercetare\/2024\/05\/noul-studiu-al-ce-privind-imbunatatirea-accesului-si-reutilizarea-rezultatelor-cercetarilor\/","title":{"rendered":"Noul studiu al CE privind \u00eembun\u0103t\u0103\u021birea accesului \u0219i reutilizarea rezultatelor cercet\u0103rilor","gt_translate_keys":[{"key":"rendered","format":"text"}]},"content":{"rendered":"\n<p>Comisia European\u0103 a publicat un studiu axat pe \u00eembun\u0103t\u0103\u021birea accesului \u0219i reutilizarea rezultatelor cercet\u0103rilor, cuprinz\u00e2nd publica\u021bii \u0219i date pentru demersuri \u0219tiin\u021bifice. Acesta marcheaz\u0103 un pas semnificativ \u00een cadrul Agendei Politice a Spa\u021biului European de Cercetare 2022-2024, privind un cadru legislativ \u0219i de reglementare al drepturilor de autor \u0219i al datelor \u00een UE, adecvat pentru cercetare.<\/p>\n\n\n\n<p>Studiul a identificat obstacole \u0219i dificult\u0103\u021bi \u00een accesarea \u0219i reutilizarea rezultatelor cercet\u0103rilor finan\u021bate public, a evaluat impactul cadrului de drepturi de autor al UE asupra cercet\u0103rii \u0219i a identificat dispozi\u021bii relevante pentru cercetare \u00een cadrul legisla\u021biei europene privind datele \u0219i digitalizarea. Pe baza acestei analize, studiul propune o serie de ac\u021biuni legislative \u0219i non-legislative pentru a \u00eembun\u0103t\u0103\u021bi diseminarea ne\u00eengr\u0103dit\u0103 a cuno\u0219tin\u021belor, consolid\u00e2nd astfel Spa\u021biul European de Cercetare.<\/p>\n\n\n\n<p>Pentru mai multe detalii, pute\u021bi consulta studiul mai jos:<\/p>\n\n\n\n<div data-wp-interactive=\"core\/file\" class=\"wp-block-file\"><object data-wp-bind--hidden=\"!state.hasPdfPreview\" hidden class=\"wp-block-file__embed\" data=\"https:\/\/uvt.ro\/wp-content\/uploads\/sites\/2\/2024\/05\/improving-access-to-and-reuse-of-research-results-KI0224037ENN.pdf\" type=\"application\/pdf\" style=\"width:100%;height:600px\" aria-label=\"\u00cenglobare pentru improving-access-to-and-reuse-of-research-results-KI0224037ENN.\"><\/object><a id=\"wp-block-file--media-a48f6360-2a26-49e3-bae1-9ce02ff4ed50\" href=\"https:\/\/uvt.ro\/wp-content\/uploads\/sites\/2\/2024\/05\/improving-access-to-and-reuse-of-research-results-KI0224037ENN.pdf\">improving-access-to-and-reuse-of-research-results-KI0224037ENN<\/a><a href=\"https:\/\/uvt.ro\/wp-content\/uploads\/sites\/2\/2024\/05\/improving-access-to-and-reuse-of-research-results-KI0224037ENN.pdf\" class=\"wp-block-file__button wp-element-button\" download aria-describedby=\"wp-block-file--media-a48f6360-2a26-49e3-bae1-9ce02ff4ed50\">Descarc\u0103<\/a><\/div>\n\n\n\n<p><\/p>\n","protected":false,"gt_translate_keys":[{"key":"rendered","format":"html"}]},"excerpt":{"rendered":"<p>Comisia European\u0103 a publicat un studiu axat pe \u00eembun\u0103t\u0103\u021birea accesului \u0219i reutilizarea rezultatelor cercet\u0103rilor, cuprinz\u00e2nd publica\u021bii \u0219i date pentru demersuri \u0219tiin\u021bifice. Acesta marcheaz\u0103 un pas semnificativ \u00een cadrul Agendei Politice a Spa\u021biului European de Cercetare 2022-2024, privind un cadru legislativ \u0219i de reglementare al drepturilor de autor \u0219i al datelor \u00een UE, adecvat pentru cercetare. [&hellip;]<\/p>\n","protected":false,"gt_translate_keys":[{"key":"rendered","format":"html"}]},"author":41,"featured_media":0,"comment_status":"closed","ping_status":"closed","sticky":false,"template":"","format":"standard","meta":{"footnotes":"","_links_to":"","_links_to_target":""},"categories":[162,73],"tags":[],"class_list":["post-42633","post","type-post","status-publish","format-standard","hentry","category-newsletter-ip","category-newsletter"],"gt_translate_keys":[{"key":"link","format":"url"}],"_links":{"self":[{"href":"https:\/\/uvt.ro\/cercetare\/wp-json\/wp\/v2\/posts\/42633","targetHints":{"allow":["GET"]}}],"collection":[{"href":"https:\/\/uvt.ro\/cercetare\/wp-json\/wp\/v2\/posts"}],"about":[{"href":"https:\/\/uvt.ro\/cercetare\/wp-json\/wp\/v2\/types\/post"}],"author":[{"embeddable":true,"href":"https:\/\/uvt.ro\/cercetare\/wp-json\/wp\/v2\/users\/41"}],"replies":[{"embeddable":true,"href":"https:\/\/uvt.ro\/cercetare\/wp-json\/wp\/v2\/comments?post=42633"}],"version-history":[{"count":1,"href":"https:\/\/uvt.ro\/cercetare\/wp-json\/wp\/v2\/posts\/42633\/revisions"}],"predecessor-version":[{"id":42636,"href":"https:\/\/uvt.ro\/cercetare\/wp-json\/wp\/v2\/posts\/42633\/revisions\/42636"}],"wp:attachment":[{"href":"https:\/\/uvt.ro\/cercetare\/wp-json\/wp\/v2\/media?parent=42633"}],"wp:term":[{"taxonomy":"category","embeddable":true,"href":"https:\/\/uvt.ro\/cercetare\/wp-json\/wp\/v2\/categories?post=42633"},{"taxonomy":"post_tag","embeddable":true,"href":"https:\/\/uvt.ro\/cercetare\/wp-json\/wp\/v2\/tags?post=42633"}],"curies":[{"name":"wp","href":"https:\/\/api.w.org\/{rel}","templated":true}]}}