{"id":42693,"date":"2024-05-27T13:32:52","date_gmt":"2024-05-27T13:32:52","guid":{"rendered":"https:\/\/uvt.ro\/cercetare\/?p=42693"},"modified":"2024-05-27T13:32:53","modified_gmt":"2024-05-27T13:32:53","slug":"rapoarte-ale-tarilor-din-spatiul-european-de-cercetare-2023-balcanii-de-vest","status":"publish","type":"post","link":"https:\/\/uvt.ro\/cercetare\/2024\/05\/rapoarte-ale-tarilor-din-spatiul-european-de-cercetare-2023-balcanii-de-vest\/","title":{"rendered":"Rapoarte ale \u021b\u0103rilor din Spa\u021biul European de Cercetare 2023: Balcanii de Vest","gt_translate_keys":[{"key":"rendered","format":"text"}]},"content":{"rendered":"\n<p>Pactul pentru Cercetare \u0219i Inovare al Comisiei Europene include preg\u0103tirea de rapoarte anuale ale Spa\u021biului European de Cercetare (ERA) pentru fiecare stat membru \u0219i \u021b\u0103rile asociate la Orizont Europa. Aceste rapoarte au ca scop evaluarea progresului \u00een implementarea Agendei Politice ERA, concentr\u00e2ndu-se pe domenii prioritare \u0219i ac\u021biuni asumate. De asemenea, ele ofer\u0103 informa\u021bii calitative despre procesele de implementare \u0219i se bazeaz\u0103 cantitativ pe indicatorii de performan\u021b\u0103 ERA.<\/p>\n\n\n\n<p>Comisia a publicat recent Rapoartele ERA pentru toate statele membre \u0219i \u021b\u0103rile asociate pentru anul de raportare 2023, inclusiv pentru integrarea \u021b\u0103rilor balcanice din vest \u00een ERA. Aceste rapoarte ofer\u0103 o prezentare general\u0103 a progreselor \u0219i provoc\u0103rilor actuale legate de integrarea ERA \u00een economiile acestor \u021b\u0103ri, \u0219i anume Albania, Bosnia \u0219i Her\u021begovina, Kosovo, Muntenegru, Macedonia de Nord \u0219i Serbia, de la \u00eenfiin\u021barea noului Spa\u021biului European de Cercetare \u0219i a noului mecanism de monitorizare ERA.<\/p>\n\n\n\n<p>Raportul \u0219i mai multe detalii <a href=\"https:\/\/www.westernbalkans-infohub.eu\/news\/european-research-area-era-report-2023-for-the-western-balkans\/?utm_source=ActiveCampaign&amp;utm_medium=email&amp;utm_content=Ten%20graphs%20show%20how%20the%20research%20landscape%20in%20EU%202004%20members%20has%20changed&amp;utm_campaign=The%20Widening%20No%20%2033\" data-type=\"link\" data-id=\"https:\/\/www.westernbalkans-infohub.eu\/news\/european-research-area-era-report-2023-for-the-western-balkans\/?utm_source=ActiveCampaign&amp;utm_medium=email&amp;utm_content=Ten%20graphs%20show%20how%20the%20research%20landscape%20in%20EU%202004%20members%20has%20changed&amp;utm_campaign=The%20Widening%20No%20%2033\" target=\"_blank\" rel=\"noopener\">aici<\/a>.<\/p>\n","protected":false,"gt_translate_keys":[{"key":"rendered","format":"html"}]},"excerpt":{"rendered":"<p>Pactul pentru Cercetare \u0219i Inovare al Comisiei Europene include preg\u0103tirea de rapoarte anuale ale Spa\u021biului European de Cercetare (ERA) pentru fiecare stat membru \u0219i \u021b\u0103rile asociate la Orizont Europa. Aceste rapoarte au ca scop evaluarea progresului \u00een implementarea Agendei Politice ERA, concentr\u00e2ndu-se pe domenii prioritare \u0219i ac\u021biuni asumate. De asemenea, ele ofer\u0103 informa\u021bii calitative despre [&hellip;]<\/p>\n","protected":false,"gt_translate_keys":[{"key":"rendered","format":"html"}]},"author":41,"featured_media":0,"comment_status":"closed","ping_status":"closed","sticky":false,"template":"","format":"standard","meta":{"footnotes":"","_links_to":"","_links_to_target":""},"categories":[162],"tags":[],"class_list":["post-42693","post","type-post","status-publish","format-standard","hentry","category-newsletter-ip"],"gt_translate_keys":[{"key":"link","format":"url"}],"_links":{"self":[{"href":"https:\/\/uvt.ro\/cercetare\/wp-json\/wp\/v2\/posts\/42693","targetHints":{"allow":["GET"]}}],"collection":[{"href":"https:\/\/uvt.ro\/cercetare\/wp-json\/wp\/v2\/posts"}],"about":[{"href":"https:\/\/uvt.ro\/cercetare\/wp-json\/wp\/v2\/types\/post"}],"author":[{"embeddable":true,"href":"https:\/\/uvt.ro\/cercetare\/wp-json\/wp\/v2\/users\/41"}],"replies":[{"embeddable":true,"href":"https:\/\/uvt.ro\/cercetare\/wp-json\/wp\/v2\/comments?post=42693"}],"version-history":[{"count":1,"href":"https:\/\/uvt.ro\/cercetare\/wp-json\/wp\/v2\/posts\/42693\/revisions"}],"predecessor-version":[{"id":42694,"href":"https:\/\/uvt.ro\/cercetare\/wp-json\/wp\/v2\/posts\/42693\/revisions\/42694"}],"wp:attachment":[{"href":"https:\/\/uvt.ro\/cercetare\/wp-json\/wp\/v2\/media?parent=42693"}],"wp:term":[{"taxonomy":"category","embeddable":true,"href":"https:\/\/uvt.ro\/cercetare\/wp-json\/wp\/v2\/categories?post=42693"},{"taxonomy":"post_tag","embeddable":true,"href":"https:\/\/uvt.ro\/cercetare\/wp-json\/wp\/v2\/tags?post=42693"}],"curies":[{"name":"wp","href":"https:\/\/api.w.org\/{rel}","templated":true}]}}