{"id":43467,"date":"2024-08-14T11:07:12","date_gmt":"2024-08-14T11:07:12","guid":{"rendered":"https:\/\/uvt.ro\/cercetare\/?p=43467"},"modified":"2024-08-14T11:08:13","modified_gmt":"2024-08-14T11:08:13","slug":"seminar-euipo-cpvo-19-septembrie-2024","status":"publish","type":"post","link":"https:\/\/uvt.ro\/cercetare\/2024\/08\/seminar-euipo-cpvo-19-septembrie-2024\/","title":{"rendered":"Seminar EUIPO &amp; CPVO &#8211; 19 Septembrie 2024","gt_translate_keys":[{"key":"rendered","format":"text"}]},"content":{"rendered":"\n<figure class=\"wp-block-image size-full\"><img fetchpriority=\"high\" decoding=\"async\" width=\"622\" height=\"594\" src=\"https:\/\/uvt.ro\/wp-content\/uploads\/sites\/2\/2024\/08\/Captura-de-ecran-2024-08-14-140747.png\" alt=\"\" class=\"wp-image-43469\" srcset=\"https:\/\/uvt.ro\/wp-content\/uploads\/sites\/2\/2024\/08\/Captura-de-ecran-2024-08-14-140747.png 622w, https:\/\/uvt.ro\/wp-content\/uploads\/sites\/2\/2024\/08\/Captura-de-ecran-2024-08-14-140747-300x286.png 300w\" sizes=\"(max-width: 622px) 100vw, 622px\" \/><\/figure>\n\n\n\n<p>Universitatea de Vest din Timi\u0219oara v\u0103 invit\u0103 s\u0103 participa\u021bi la un eveniment deosebit de important \u00een domeniul propriet\u0103\u021bii intelectuale. Pe data de <strong>19 septembrie 2024<\/strong>, <a href=\"https:\/\/euipo.europa.eu\/knowledge\/course\/view.php?id=1851\" data-type=\"link\" data-id=\"https:\/\/euipo.europa.eu\/knowledge\/course\/view.php?id=1851\" target=\"_blank\" rel=\"noopener\">Oficiul Uniunii Europene pentru Proprietate Intelectual\u0103<\/a> (EUIPO) \u0219i <a href=\"https:\/\/cpvo.europa.eu\/en\" data-type=\"link\" data-id=\"https:\/\/cpvo.europa.eu\/en\" target=\"_blank\" rel=\"noopener\">Oficiul Comunitar pentru Soiuri de Plante<\/a> (CPVO) organizeaz\u0103 un seminar comun, dedicat unor teme esen\u021biale precum strategiile de proprietate intelectual\u0103 \u0219i impactul acestora asupra Pie\u021bei Unice, viitorul propriet\u0103\u021bii intelectuale \u00een contextul dezvolt\u0103rii inteligen\u021bei artificiale, precum \u0219i provoc\u0103rile actuale generate de contrafacere \u0219i noile reglement\u0103ri legislative.<\/p>\n\n\n\n<p>Acest seminar, organizat at\u00e2t \u00een format fizic \u00een Alicante, Spania, c\u00e2t \u0219i online, va aduce laolalt\u0103 exper\u021bi de renume din diverse domenii, inclusiv practicieni juridici, speciali\u0219ti \u00een plante \u0219i reprezentan\u021bi ai administra\u021biilor publice. Ace\u0219tia vor \u00eemp\u0103rt\u0103\u0219i cuno\u0219tin\u021be valoroase \u0219i experien\u021be de actualitate, oferind participan\u021bilor ocazia de a explora noi perspective asupra strategiilor de proprietate intelectual\u0103 \u0219i a contribu\u021biei acestora la dezvoltarea sustenabil\u0103 \u0219i inovarea \u00een societate.<\/p>\n\n\n\n<p>Participarea la acest eveniment ofer\u0103, de asemenea, oportunitatea de a celebra 30 de ani de activitate a ambelor institu\u021bii organizatoare, subliniind astfel rolul esen\u021bial al propriet\u0103\u021bii intelectuale \u00een stimularea inov\u0103rii \u0219i protejarea creativit\u0103\u021bii \u00een Europa.<\/p>\n\n\n\n<p>Pentru a v\u0103 asigura participarea la acest seminar, v\u0103 rug\u0103m s\u0103 v\u0103 \u00eenregistra\u021bi p\u00e2n\u0103 la data de 9 septembrie 2024, utiliz\u00e2nd formularul de \u00eenregistrare disponibil <a href=\"https:\/\/forms.office.com\/pages\/responsepage.aspx?id=ZQy6MLsE6USL0MzapbGtywXRXKOPQNZPshmA-cGcVFdUQU9ENzY2RElBUDhDVjZPUEdCWFZSMEEzSi4u&amp;origin=lprLink\" target=\"_blank\" rel=\"noopener\">aici<\/a>.<\/p>\n\n\n\n<p>Mai multe informa\u021bii despre eveniment \u0219i programul detaliat pot fi accesate pe site-ul dedicat: <a href=\"https:\/\/cpvo.europa.eu\/en\/news-and-events\/conferences-and-events\/seminar-30-years-incentivising-innovation-cpvo-euipo-joint-event\" target=\"_blank\" rel=\"noopener\">Seminar 30 de ani de stimulare a inova\u021biei<\/a>.<\/p>\n","protected":false,"gt_translate_keys":[{"key":"rendered","format":"html"}]},"excerpt":{"rendered":"<p>Universitatea de Vest din Timi\u0219oara v\u0103 invit\u0103 s\u0103 participa\u021bi la un eveniment deosebit de important \u00een domeniul propriet\u0103\u021bii intelectuale. Pe data de 19 septembrie 2024, Oficiul Uniunii Europene pentru Proprietate Intelectual\u0103 (EUIPO) \u0219i Oficiul Comunitar pentru Soiuri de Plante (CPVO) organizeaz\u0103 un seminar comun, dedicat unor teme esen\u021biale precum strategiile de proprietate intelectual\u0103 \u0219i impactul [&hellip;]<\/p>\n","protected":false,"gt_translate_keys":[{"key":"rendered","format":"html"}]},"author":41,"featured_media":0,"comment_status":"closed","ping_status":"closed","sticky":false,"template":"","format":"standard","meta":{"footnotes":"","_links_to":"","_links_to_target":""},"categories":[73,162],"tags":[],"class_list":["post-43467","post","type-post","status-publish","format-standard","hentry","category-newsletter","category-newsletter-ip"],"gt_translate_keys":[{"key":"link","format":"url"}],"_links":{"self":[{"href":"https:\/\/uvt.ro\/cercetare\/wp-json\/wp\/v2\/posts\/43467","targetHints":{"allow":["GET"]}}],"collection":[{"href":"https:\/\/uvt.ro\/cercetare\/wp-json\/wp\/v2\/posts"}],"about":[{"href":"https:\/\/uvt.ro\/cercetare\/wp-json\/wp\/v2\/types\/post"}],"author":[{"embeddable":true,"href":"https:\/\/uvt.ro\/cercetare\/wp-json\/wp\/v2\/users\/41"}],"replies":[{"embeddable":true,"href":"https:\/\/uvt.ro\/cercetare\/wp-json\/wp\/v2\/comments?post=43467"}],"version-history":[{"count":2,"href":"https:\/\/uvt.ro\/cercetare\/wp-json\/wp\/v2\/posts\/43467\/revisions"}],"predecessor-version":[{"id":43470,"href":"https:\/\/uvt.ro\/cercetare\/wp-json\/wp\/v2\/posts\/43467\/revisions\/43470"}],"wp:attachment":[{"href":"https:\/\/uvt.ro\/cercetare\/wp-json\/wp\/v2\/media?parent=43467"}],"wp:term":[{"taxonomy":"category","embeddable":true,"href":"https:\/\/uvt.ro\/cercetare\/wp-json\/wp\/v2\/categories?post=43467"},{"taxonomy":"post_tag","embeddable":true,"href":"https:\/\/uvt.ro\/cercetare\/wp-json\/wp\/v2\/tags?post=43467"}],"curies":[{"name":"wp","href":"https:\/\/api.w.org\/{rel}","templated":true}]}}