{"id":45430,"date":"2025-03-07T07:18:56","date_gmt":"2025-03-07T07:18:56","guid":{"rendered":"https:\/\/uvt.ro\/cercetare\/?p=45430"},"modified":"2025-03-07T09:12:05","modified_gmt":"2025-03-07T09:12:05","slug":"invitatie-la-atelierele-evolve2care-inovatie-in-ingrijirea-de-tranzitie","status":"publish","type":"post","link":"https:\/\/uvt.ro\/cercetare\/2025\/03\/invitatie-la-atelierele-evolve2care-inovatie-in-ingrijirea-de-tranzitie\/","title":{"rendered":"Invita\u021bie la atelierele EVOLVE2CARE \u2013 Inova\u021bie \u00een \u00eengrijirea de tranzi\u021bie","gt_translate_keys":[{"key":"rendered","format":"text"}]},"content":{"rendered":"\n<figure class=\"wp-block-image aligncenter size-full is-resized\"><img fetchpriority=\"high\" decoding=\"async\" width=\"752\" height=\"422\" src=\"https:\/\/uvt.ro\/wp-content\/uploads\/sites\/2\/2025\/03\/EVOLVE2CARE.png\" alt=\"\" class=\"wp-image-45431\" style=\"aspect-ratio:1.7819905213270142;width:592px;height:auto\" srcset=\"https:\/\/uvt.ro\/wp-content\/uploads\/sites\/2\/2025\/03\/EVOLVE2CARE.png 752w, https:\/\/uvt.ro\/wp-content\/uploads\/sites\/2\/2025\/03\/EVOLVE2CARE-300x168.png 300w\" sizes=\"(max-width: 752px) 100vw, 752px\" \/><\/figure>\n\n\n\n<p><\/p>\n\n\n\n<p><\/p>\n\n\n\n<p>Universitatea de Vest din Timi\u0219oara v\u0103 invit\u0103 s\u0103 participa\u021bi la o serie de ateliere interactive organizate \u00een cadrul proiectului <strong>EVOLVE2CARE<\/strong>, axate pe stimularea inova\u021biei \u00een \u00eengrijirea de tranzi\u021bie prin identificarea principalelor nevoi \u0219i stabilirea indicatorilor de performan\u021b\u0103.<\/p>\n\n\n\n<p>Primul atelier va avea loc pe <strong>11 martie 2025, \u00eentre orele 14:00 \u0219i 15:00 CET<\/strong>, \u0219i va explora modul \u00een care furnizorii de servicii medicale \u0219i pacien\u021bii percep \u0219i influen\u021beaz\u0103 inova\u021bia. Discu\u021biile vor aborda provoc\u0103rile integr\u0103rii noilor tehnologii \u00een sistemul de s\u0103n\u0103tate, cu un accent deosebit pe utilizabilitate, \u00eencredere \u0219i accesibilitate. Doctorul Kostas Bakogiannis, cardiolog, va \u00eemp\u0103rt\u0103\u0219i expertiza sa, oferind o perspectiv\u0103 practic\u0103 asupra impactului inova\u021biilor \u00een domeniul medical.<\/p>\n\n\n\n<p>Cel de-al doilea atelier, programat pentru <strong>18 martie 2025, \u00eentre orele 15:00 \u0219i 16:30 CET<\/strong>, va analiza factorii esen\u021biali care influen\u021beaz\u0103 inovarea \u00een \u00eengrijirea de tranzi\u021bie. Temele abordate vor include cadrul legislativ, nevoile p\u0103r\u021bilor implicate \u0219i provoc\u0103rile \u00eent\u00e2mpinate \u00een practic\u0103. La atelier va participa <strong>Aikaterini Zisaki<\/strong>, specialist \u00een sisteme de management al calit\u0103\u021bii \u0219i afaceri reglementare, care va oferi perspective esen\u021biale asupra procesului de conformare \u0219i adoptare a tehnologiilor emergente \u00een s\u0103n\u0103tate.<\/p>\n\n\n\n<p>Aceste ateliere ofer\u0103 o oportunitate valoroas\u0103 de a contribui la dezvoltarea unor solu\u021bii inovatoare menite s\u0103 \u00eembun\u0103t\u0103\u021beasc\u0103 \u00eengrijirea pacien\u021bilor \u00een perioada de tranzi\u021bie \u00eentre spital \u0219i domiciliu \u0219i ne sunt accesibile datorit\u0103 apartenen\u021bei Universit\u0103\u021bii la Re\u021beaua European\u0103 de Laboratoare Vii (ENoLL).<\/p>\n\n\n\n<p>Pentru \u00eenregistrare, v\u0103 rug\u0103m s\u0103 completa\u021bi formularul disponibil la acest <a href=\"https:\/\/docs.google.com\/forms\/d\/e\/1FAIpQLSeS1WzP1aGWHV1F-m96s5TD-rsJ3G9nUwjHg01yh3jUVbQgmg\/viewform\" target=\"_blank\" rel=\"noopener\">link<\/a>.&nbsp;<\/p>\n","protected":false,"gt_translate_keys":[{"key":"rendered","format":"html"}]},"excerpt":{"rendered":"<p>Universitatea de Vest din Timi\u0219oara v\u0103 invit\u0103 s\u0103 participa\u021bi la o serie de ateliere interactive organizate \u00een cadrul proiectului EVOLVE2CARE, axate pe stimularea inova\u021biei \u00een \u00eengrijirea de tranzi\u021bie prin identificarea principalelor nevoi \u0219i stabilirea indicatorilor de performan\u021b\u0103. Primul atelier va avea loc pe 11 martie 2025, \u00eentre orele 14:00 \u0219i 15:00 CET, \u0219i va explora [&hellip;]<\/p>\n","protected":false,"gt_translate_keys":[{"key":"rendered","format":"html"}]},"author":41,"featured_media":0,"comment_status":"closed","ping_status":"closed","sticky":false,"template":"","format":"standard","meta":{"footnotes":"","_links_to":"","_links_to_target":""},"categories":[73],"tags":[],"class_list":["post-45430","post","type-post","status-publish","format-standard","hentry","category-newsletter"],"gt_translate_keys":[{"key":"link","format":"url"}],"_links":{"self":[{"href":"https:\/\/uvt.ro\/cercetare\/wp-json\/wp\/v2\/posts\/45430","targetHints":{"allow":["GET"]}}],"collection":[{"href":"https:\/\/uvt.ro\/cercetare\/wp-json\/wp\/v2\/posts"}],"about":[{"href":"https:\/\/uvt.ro\/cercetare\/wp-json\/wp\/v2\/types\/post"}],"author":[{"embeddable":true,"href":"https:\/\/uvt.ro\/cercetare\/wp-json\/wp\/v2\/users\/41"}],"replies":[{"embeddable":true,"href":"https:\/\/uvt.ro\/cercetare\/wp-json\/wp\/v2\/comments?post=45430"}],"version-history":[{"count":5,"href":"https:\/\/uvt.ro\/cercetare\/wp-json\/wp\/v2\/posts\/45430\/revisions"}],"predecessor-version":[{"id":45437,"href":"https:\/\/uvt.ro\/cercetare\/wp-json\/wp\/v2\/posts\/45430\/revisions\/45437"}],"wp:attachment":[{"href":"https:\/\/uvt.ro\/cercetare\/wp-json\/wp\/v2\/media?parent=45430"}],"wp:term":[{"taxonomy":"category","embeddable":true,"href":"https:\/\/uvt.ro\/cercetare\/wp-json\/wp\/v2\/categories?post=45430"},{"taxonomy":"post_tag","embeddable":true,"href":"https:\/\/uvt.ro\/cercetare\/wp-json\/wp\/v2\/tags?post=45430"}],"curies":[{"name":"wp","href":"https:\/\/api.w.org\/{rel}","templated":true}]}}