{"id":46129,"date":"2025-06-16T12:00:00","date_gmt":"2025-06-16T12:00:00","guid":{"rendered":"https:\/\/uvt.ro\/cercetare\/?p=46129"},"modified":"2025-06-24T07:07:46","modified_gmt":"2025-06-24T07:07:46","slug":"cineforum-2025-titluri-personaje-si-protectia-lor-legala","status":"publish","type":"post","link":"https:\/\/uvt.ro\/cercetare\/2025\/06\/cineforum-2025-titluri-personaje-si-protectia-lor-legala\/","title":{"rendered":"Cineforum 2025: Titluri, personaje \u0219i protec\u021bia lor legal\u0103","gt_translate_keys":[{"key":"rendered","format":"text"}]},"content":{"rendered":"\n<figure class=\"wp-block-image size-large\"><img fetchpriority=\"high\" decoding=\"async\" width=\"1024\" height=\"289\" src=\"https:\/\/uvt.ro\/wp-content\/uploads\/sites\/2\/2025\/06\/e5b4ce6a-cc67-4e45-836c-3ffa39fac42f-1-1024x289.png\" alt=\"\" class=\"wp-image-46130\" srcset=\"https:\/\/uvt.ro\/wp-content\/uploads\/sites\/2\/2025\/06\/e5b4ce6a-cc67-4e45-836c-3ffa39fac42f-1-1024x289.png 1024w, https:\/\/uvt.ro\/wp-content\/uploads\/sites\/2\/2025\/06\/e5b4ce6a-cc67-4e45-836c-3ffa39fac42f-1-300x85.png 300w, https:\/\/uvt.ro\/wp-content\/uploads\/sites\/2\/2025\/06\/e5b4ce6a-cc67-4e45-836c-3ffa39fac42f-1-768x216.png 768w, https:\/\/uvt.ro\/wp-content\/uploads\/sites\/2\/2025\/06\/e5b4ce6a-cc67-4e45-836c-3ffa39fac42f-1.png 1036w\" sizes=\"(max-width: 1024px) 100vw, 1024px\" \/><\/figure>\n\n\n\n<p>V\u0103 invit\u0103m s\u0103 participa\u021bi la cea de-a treia edi\u021bie a Cineforum, un eveniment organizat de Oficiul Uniunii Europene pentru Proprietate Intelectual\u0103 (EUIPO) \u00een colaborare cu Centrul de Studii Interna\u021bionale de Proprietate Intelectual\u0103 (CEIPI) \u2013 Universitatea din Strasbourg.<\/p>\n\n\n\n<p>Tema din acest an este una deosebit de interesant\u0103, mai ales pentru pasiona\u021bii de film, literatur\u0103 \u0219i cultur\u0103 pop: <strong>\u201eWhat is the protection for titles and character names?\u201d<\/strong><\/p>\n\n\n\n<p>Ve\u021bi descoperi cum se \u00eent\u00e2lnesc m\u0103rcile \u0219i drepturile de autor cu universurile creative pe care le iubim \u0219i cum se contureaz\u0103 grani\u021bele legale ale imagina\u021biei.<\/p>\n\n\n\n<p>\ud83d\udcc5 Data: 8 iulie 2025<\/p>\n\n\n\n<p>\ud83d\udd59 Ora: 10:00 CEST \u2013 11:00 ora Rom\u00e2niei<\/p>\n\n\n\n<p>\ud83d\udccd Format: online (cu \u00eenregistrare) \u0219i fizic, la sediul EUIPO<\/p>\n\n\n\n<p>\ud83c\udfac <strong>\u00cenregistrare: prin acest <\/strong><a href=\"https:\/\/euipo-vitelsa-es.zoom.us\/webinar\/register\/WN_Wgr4k6HdRiiAorxAVtJ12w\" target=\"_blank\" rel=\"noopener\"><strong>formular<\/strong><\/a><\/p>\n\n\n\n<p>Acest eveniment este o ocazie excelent\u0103 de a \u00een\u021belege mai bine provoc\u0103rile actuale din domeniul propriet\u0103\u021bii intelectuale, \u00eentr-un format accesibil \u0219i dinamic.&nbsp;Invita\u021bia este adresat\u0103 tuturor studen\u021bilor \u0219i cadrelor didactice interesate de IP, media, drept sau industrii creative.<\/p>\n","protected":false,"gt_translate_keys":[{"key":"rendered","format":"html"}]},"excerpt":{"rendered":"<p>V\u0103 invit\u0103m s\u0103 participa\u021bi la cea de-a treia edi\u021bie a Cineforum, un eveniment organizat de Oficiul Uniunii Europene pentru Proprietate Intelectual\u0103 (EUIPO) \u00een colaborare cu Centrul de Studii Interna\u021bionale de Proprietate Intelectual\u0103 (CEIPI) \u2013 Universitatea din Strasbourg. Tema din acest an este una deosebit de interesant\u0103, mai ales pentru pasiona\u021bii de film, literatur\u0103 \u0219i cultur\u0103 [&hellip;]<\/p>\n","protected":false,"gt_translate_keys":[{"key":"rendered","format":"html"}]},"author":41,"featured_media":0,"comment_status":"closed","ping_status":"open","sticky":false,"template":"","format":"standard","meta":{"footnotes":"","_links_to":"","_links_to_target":""},"categories":[168,162],"tags":[],"class_list":["post-46129","post","type-post","status-publish","format-standard","hentry","category-evenimente_recomandate","category-newsletter-ip"],"gt_translate_keys":[{"key":"link","format":"url"}],"_links":{"self":[{"href":"https:\/\/uvt.ro\/cercetare\/wp-json\/wp\/v2\/posts\/46129","targetHints":{"allow":["GET"]}}],"collection":[{"href":"https:\/\/uvt.ro\/cercetare\/wp-json\/wp\/v2\/posts"}],"about":[{"href":"https:\/\/uvt.ro\/cercetare\/wp-json\/wp\/v2\/types\/post"}],"author":[{"embeddable":true,"href":"https:\/\/uvt.ro\/cercetare\/wp-json\/wp\/v2\/users\/41"}],"replies":[{"embeddable":true,"href":"https:\/\/uvt.ro\/cercetare\/wp-json\/wp\/v2\/comments?post=46129"}],"version-history":[{"count":2,"href":"https:\/\/uvt.ro\/cercetare\/wp-json\/wp\/v2\/posts\/46129\/revisions"}],"predecessor-version":[{"id":46172,"href":"https:\/\/uvt.ro\/cercetare\/wp-json\/wp\/v2\/posts\/46129\/revisions\/46172"}],"wp:attachment":[{"href":"https:\/\/uvt.ro\/cercetare\/wp-json\/wp\/v2\/media?parent=46129"}],"wp:term":[{"taxonomy":"category","embeddable":true,"href":"https:\/\/uvt.ro\/cercetare\/wp-json\/wp\/v2\/categories?post=46129"},{"taxonomy":"post_tag","embeddable":true,"href":"https:\/\/uvt.ro\/cercetare\/wp-json\/wp\/v2\/tags?post=46129"}],"curies":[{"name":"wp","href":"https:\/\/api.w.org\/{rel}","templated":true}]}}