{"id":46805,"date":"2026-01-26T14:28:22","date_gmt":"2026-01-26T14:28:22","guid":{"rendered":"https:\/\/uvt.ro\/cercetare\/?p=46805"},"modified":"2026-01-26T14:28:23","modified_gmt":"2026-01-26T14:28:23","slug":"re-defining-sustainability-a-higher-education-perspective-for-post-2030-uvt-un-exemplu-global-de-bune-practici","status":"publish","type":"post","link":"https:\/\/uvt.ro\/cercetare\/2026\/01\/re-defining-sustainability-a-higher-education-perspective-for-post-2030-uvt-un-exemplu-global-de-bune-practici\/","title":{"rendered":"\u201eRe-Defining Sustainability: A Higher Education Perspective for Post 2030\u201d \u2013 UVT, un exemplu global de bune practici","gt_translate_keys":[{"key":"rendered","format":"text"}]},"content":{"rendered":"\n<p>Digital Education Council a lansat recent raportul <strong>\u201eRe-Defining Sustainability: A Higher Education Perspective for Post 2030\u201d<\/strong>, realizat cu sprijinul a 44 de institu\u021bii din 25 de \u021b\u0103ri \u0219i regiuni,<strong> <\/strong>oferind o perspectiv\u0103 global\u0103 asupra rolului universit\u0103\u021bilor \u00een definirea \u0219i promovarea dezvolt\u0103rii durabile \u00een contextul apropierii termenului de realizare a Obiectivelor de Dezvoltare Durabil\u0103 (stabilite pe perioada 2015-2030 de c\u0103tre ONU). Raportul aduce o perspectiv\u0103 integrat\u0103 asupra modului \u00een care universit\u0103\u021bile pot contribui la tranzi\u021bia global\u0103 c\u0103tre un viitor sustenabil, subliniind limit\u0103rile obiectivelor actuale \u0219i propun\u00e2nd un set de m\u0103suri strategice pentru viitor.<\/p>\n\n\n\n<p>Analiza include priorit\u0103\u021bi emergente pentru agenda post-2030, examineaz\u0103 angajamentele institu\u021biilor \u0219i progresele realizate p\u00e2n\u0103 \u00een prezent, \u0219i prezint\u0103 ini\u021biative inovatoare care modeleaz\u0103 viitorul educa\u021biei sustenabile, subliniind factorii cheie care influen\u021beaz\u0103 performan\u021ba \u00een domeniu.<\/p>\n\n\n\n<p>Universitatea de Vest din Timi\u0219oara (UVT), ca membru parte al grupului de lucru DEC 2025 ESG &amp; Sustainability, a avut o <strong>implicare activ\u0103<\/strong> \u00een realizarea acestui raport, contribuind cu bune practici \u0219i ini\u021biative concrete \u00een domeniul sustenabilit\u0103\u021bii. \u00cen cadrul acestui raport, proiectul anual <strong>\u201eLuna Verde @UVT\u201d<\/strong>, a fost indicat drept exemplu global de bun\u0103 practic\u0103. Prin aceast\u0103 ini\u021biativ\u0103, UVT promoveaz\u0103 educa\u021bia sustenabil\u0103 \u0219i implicarea activ\u0103 a comunit\u0103\u021bii academice \u00een ac\u021biuni concrete, demonstr\u00e2nd cum universit\u0103\u021bile pot deveni catalizatori ai schimb\u0103rii \u0219i dezvolt\u0103rii.<\/p>\n\n\n\n<p>Raportul Digital Education Council subliniaz\u0103 importan\u021ba <strong>cre\u0103rii unui ecosistem educa\u021bional sustenabil<\/strong>, \u00een care institu\u021biile de \u00eenv\u0103\u021b\u0103m\u00e2nt superior nu doar c\u0103 predau concepte de sustenabilitate, ci \u0219i le aplic\u0103 \u00een practic\u0103, inspir\u00e2nd studen\u021bii \u0219i comunitatea larg\u0103 s\u0103 adopte comportamente responsabile fa\u021b\u0103 de mediu.Prin recunoa\u0219terea interna\u021bional\u0103 a ini\u021biativei <strong>\u201eLuna Verde UVT\u201d<\/strong>, UVT se pozi\u021bioneaz\u0103 ca un lider \u00een domeniul educa\u021biei pentru dezvoltare durabil\u0103, consolid\u00e2ndu-\u0219i angajamentul pentru un viitor verde \u0219i responsabil.<\/p>\n\n\n\n<p><\/p>\n","protected":false,"gt_translate_keys":[{"key":"rendered","format":"html"}]},"excerpt":{"rendered":"<p>Digital Education Council a lansat recent raportul \u201eRe-Defining Sustainability: A Higher Education Perspective for Post 2030\u201d, realizat cu sprijinul a 44 de institu\u021bii din 25 de \u021b\u0103ri \u0219i regiuni, oferind o perspectiv\u0103 global\u0103 asupra rolului universit\u0103\u021bilor \u00een definirea \u0219i promovarea dezvolt\u0103rii durabile \u00een contextul apropierii termenului de realizare a Obiectivelor de Dezvoltare Durabil\u0103 (stabilite pe [&hellip;]<\/p>\n","protected":false,"gt_translate_keys":[{"key":"rendered","format":"html"}]},"author":41,"featured_media":0,"comment_status":"closed","ping_status":"closed","sticky":false,"template":"","format":"standard","meta":{"footnotes":"","_links_to":"","_links_to_target":""},"categories":[163],"tags":[],"class_list":["post-46805","post","type-post","status-publish","format-standard","hentry","category-noutati-citt"],"gt_translate_keys":[{"key":"link","format":"url"}],"_links":{"self":[{"href":"https:\/\/uvt.ro\/cercetare\/wp-json\/wp\/v2\/posts\/46805","targetHints":{"allow":["GET"]}}],"collection":[{"href":"https:\/\/uvt.ro\/cercetare\/wp-json\/wp\/v2\/posts"}],"about":[{"href":"https:\/\/uvt.ro\/cercetare\/wp-json\/wp\/v2\/types\/post"}],"author":[{"embeddable":true,"href":"https:\/\/uvt.ro\/cercetare\/wp-json\/wp\/v2\/users\/41"}],"replies":[{"embeddable":true,"href":"https:\/\/uvt.ro\/cercetare\/wp-json\/wp\/v2\/comments?post=46805"}],"version-history":[{"count":1,"href":"https:\/\/uvt.ro\/cercetare\/wp-json\/wp\/v2\/posts\/46805\/revisions"}],"predecessor-version":[{"id":46806,"href":"https:\/\/uvt.ro\/cercetare\/wp-json\/wp\/v2\/posts\/46805\/revisions\/46806"}],"wp:attachment":[{"href":"https:\/\/uvt.ro\/cercetare\/wp-json\/wp\/v2\/media?parent=46805"}],"wp:term":[{"taxonomy":"category","embeddable":true,"href":"https:\/\/uvt.ro\/cercetare\/wp-json\/wp\/v2\/categories?post=46805"},{"taxonomy":"post_tag","embeddable":true,"href":"https:\/\/uvt.ro\/cercetare\/wp-json\/wp\/v2\/tags?post=46805"}],"curies":[{"name":"wp","href":"https:\/\/api.w.org\/{rel}","templated":true}]}}