{"id":46924,"date":"2026-03-30T06:49:53","date_gmt":"2026-03-30T06:49:53","guid":{"rendered":"https:\/\/uvt.ro\/cercetare\/?p=46924"},"modified":"2026-03-30T09:30:05","modified_gmt":"2026-03-30T09:30:05","slug":"uvt-reprezentata-la-future-labs","status":"publish","type":"post","link":"https:\/\/uvt.ro\/cercetare\/2026\/03\/uvt-reprezentata-la-future-labs\/","title":{"rendered":"UVT reprezentat\u0103 la Future Labs","gt_translate_keys":[{"key":"rendered","format":"text"}]},"content":{"rendered":"\n<p>Participarea Universitatea de Vest din Timi\u0219oara (UVT) \u00een cadrul programului Future Labs confirm\u0103 angajamentul institu\u021biei de a sus\u021bine transferul tehnologic \u0219i valorificarea rezultatelor cercet\u0103rii \u00een economie. Prin implicarea activ\u0103 \u00een ini\u021biative na\u021bionale dedicate inov\u0103rii aplicate, UVT contribuie la consolidarea pun\u021bilor dintre mediul academic \u0219i cel socio-economic.<\/p>\n\n\n\n<p>Universitatea a fost reprezentat\u0103 de delegatul Ioan Chindri\u0219, referent de specialitate \u00een cadrul Centrului de Inovare \u0219i Transfer Tehnologic, care a participat recent la primul bootcamp din cele dou\u0103 incluse \u00een program. Aceast\u0103 etap\u0103 marcheaz\u0103 debutul unui parcurs intensiv de dezvoltare a competen\u021belor necesare transform\u0103rii ideilor de cercetare \u00een solu\u021bii cu impact real.<\/p>\n\n\n\n<p>Programul Future Labs, dezvoltat de Social Innovation Solutions cu sprijinul PPC Romania, este dedicat institutelor de cercetare care urm\u0103resc s\u0103 accelereze procesul de transfer tehnologic \u0219i s\u0103 genereze inova\u021bii aplicabile \u00een societate. Ini\u021biativa ofer\u0103 participan\u021bilor acces la mentorat, feedback specializat \u0219i conexiuni cu parteneri din industrie, facilit\u00e2nd trecerea de la stadiul de concept la validare \u0219i implementare.<\/p>\n\n\n\n<p>Universitatea de Vest din Timi\u0219oara \u00ee\u0219i reafirm\u0103, prin aceast\u0103 participare, angajamentul de a sus\u021bine inovarea, transferul tehnologic \u0219i conectarea cercet\u0103rii la nevoile reale ale societ\u0103\u021bii. Prin dezvoltarea continu\u0103 a capacit\u0103\u021bilor institu\u021bionale \u0219i implicarea \u00een ini\u021biative relevante la nivel na\u021bional \u0219i interna\u021bional, UVT urm\u0103re\u0219te s\u0103 contribuie activ la construirea unui ecosistem de inovare performant, orientat spre viitor.<\/p>\n\n\n\n<figure class=\"wp-block-image size-large\"><img fetchpriority=\"high\" decoding=\"async\" width=\"1024\" height=\"768\" src=\"https:\/\/uvt.ro\/wp-content\/uploads\/sites\/2\/2026\/03\/WhatsApp-Image-2026-03-30-at-10.04.26-1024x768.jpeg\" alt=\"\" class=\"wp-image-46930\" srcset=\"https:\/\/uvt.ro\/wp-content\/uploads\/sites\/2\/2026\/03\/WhatsApp-Image-2026-03-30-at-10.04.26-1024x768.jpeg 1024w, https:\/\/uvt.ro\/wp-content\/uploads\/sites\/2\/2026\/03\/WhatsApp-Image-2026-03-30-at-10.04.26-300x225.jpeg 300w, https:\/\/uvt.ro\/wp-content\/uploads\/sites\/2\/2026\/03\/WhatsApp-Image-2026-03-30-at-10.04.26-768x576.jpeg 768w, https:\/\/uvt.ro\/wp-content\/uploads\/sites\/2\/2026\/03\/WhatsApp-Image-2026-03-30-at-10.04.26-1536x1152.jpeg 1536w, https:\/\/uvt.ro\/wp-content\/uploads\/sites\/2\/2026\/03\/WhatsApp-Image-2026-03-30-at-10.04.26.jpeg 1600w\" sizes=\"(max-width: 1024px) 100vw, 1024px\" \/><\/figure>\n","protected":false,"gt_translate_keys":[{"key":"rendered","format":"html"}]},"excerpt":{"rendered":"<p>Participarea Universitatea de Vest din Timi\u0219oara (UVT) \u00een cadrul programului Future Labs confirm\u0103 angajamentul institu\u021biei de a sus\u021bine transferul tehnologic \u0219i valorificarea rezultatelor cercet\u0103rii \u00een economie. Prin implicarea activ\u0103 \u00een ini\u021biative na\u021bionale dedicate inov\u0103rii aplicate, UVT contribuie la consolidarea pun\u021bilor dintre mediul academic \u0219i cel socio-economic. Universitatea a fost reprezentat\u0103 de delegatul Ioan Chindri\u0219, referent [&hellip;]<\/p>\n","protected":false,"gt_translate_keys":[{"key":"rendered","format":"html"}]},"author":41,"featured_media":0,"comment_status":"closed","ping_status":"closed","sticky":false,"template":"","format":"standard","meta":{"footnotes":"","_links_to":"","_links_to_target":""},"categories":[163],"tags":[],"class_list":["post-46924","post","type-post","status-publish","format-standard","hentry","category-noutati-citt"],"gt_translate_keys":[{"key":"link","format":"url"}],"_links":{"self":[{"href":"https:\/\/uvt.ro\/cercetare\/wp-json\/wp\/v2\/posts\/46924","targetHints":{"allow":["GET"]}}],"collection":[{"href":"https:\/\/uvt.ro\/cercetare\/wp-json\/wp\/v2\/posts"}],"about":[{"href":"https:\/\/uvt.ro\/cercetare\/wp-json\/wp\/v2\/types\/post"}],"author":[{"embeddable":true,"href":"https:\/\/uvt.ro\/cercetare\/wp-json\/wp\/v2\/users\/41"}],"replies":[{"embeddable":true,"href":"https:\/\/uvt.ro\/cercetare\/wp-json\/wp\/v2\/comments?post=46924"}],"version-history":[{"count":3,"href":"https:\/\/uvt.ro\/cercetare\/wp-json\/wp\/v2\/posts\/46924\/revisions"}],"predecessor-version":[{"id":46933,"href":"https:\/\/uvt.ro\/cercetare\/wp-json\/wp\/v2\/posts\/46924\/revisions\/46933"}],"wp:attachment":[{"href":"https:\/\/uvt.ro\/cercetare\/wp-json\/wp\/v2\/media?parent=46924"}],"wp:term":[{"taxonomy":"category","embeddable":true,"href":"https:\/\/uvt.ro\/cercetare\/wp-json\/wp\/v2\/categories?post=46924"},{"taxonomy":"post_tag","embeddable":true,"href":"https:\/\/uvt.ro\/cercetare\/wp-json\/wp\/v2\/tags?post=46924"}],"curies":[{"name":"wp","href":"https:\/\/api.w.org\/{rel}","templated":true}]}}