{"id":46949,"date":"2026-03-31T10:44:13","date_gmt":"2026-03-31T10:44:13","guid":{"rendered":"https:\/\/uvt.ro\/cercetare\/?p=46949"},"modified":"2026-03-31T10:44:14","modified_gmt":"2026-03-31T10:44:14","slug":"30-years-of-msca-inspiring-romanian-researchers-eveniment-online","status":"publish","type":"post","link":"https:\/\/uvt.ro\/cercetare\/2026\/03\/30-years-of-msca-inspiring-romanian-researchers-eveniment-online\/","title":{"rendered":"\u201e30 Years of MSCA: Inspiring Romanian Researchers\u201d &#8211; eveniment online","gt_translate_keys":[{"key":"rendered","format":"text"}]},"content":{"rendered":"\n<p id=\"p-rc_37c1e87c6b9173f9-119\">\u00cen data de 22 aprilie 2026, comunitatea academic\u0103 \u0219i de cercetare din Rom\u00e2nia este invitat\u0103 s\u0103 participe la evenimentul online \u201e30 Years of MSCA: Inspiring Romanian Researchers\u201d. Manifestarea marcheaz\u0103 trei decenii de activitate a programului Ac\u021biunile Marie Sk\u0142odowska-Curie (MSCA), pilon central \u00een sus\u021binerea mobilit\u0103\u021bii interna\u021bionale \u0219i a dezvolt\u0103rii carierei cercet\u0103torilor.<\/p>\n\n\n\n<p>Evenimentul este organizat de Unitatea NCP@UEFISCDI \u0219i se va desf\u0103\u0219ura \u00een limba rom\u00e2n\u0103, \u00eentre orele 10:00 \u0219i 14:00.<\/p>\n\n\n\n<p>Evenimentul \u00ee\u0219i propune s\u0103 faciliteze dialogul \u00eentre reprezentan\u021bii Comisiei Europene, Punctele Na\u021bionale de Contact (NCP) \u0219i beneficiarii programului. Agenda este structurat\u0103 pentru a atinge urm\u0103toarele puncte cheie:<\/p>\n\n\n\n<ul class=\"wp-block-list\">\n<li><strong>Actualiz\u0103ri legislative:<\/strong> Prezentarea principalelor nout\u0103\u021bi \u0219i actualiz\u0103ri ale programului MSCA pentru perioada 2026\u20132027.<\/li>\n\n\n\n<li><strong>Analiza particip\u0103rii na\u021bionale:<\/strong> O privire de ansamblu asupra implic\u0103rii Rom\u00e2niei \u00een proiectele MSCA.<\/li>\n\n\n\n<li><strong>Partajarea experien\u021bei:<\/strong> Valorificarea parcursurilor profesionale ale cercet\u0103torilor rom\u00e2ni prin testimoniale \u0219i discu\u021bii interactive.<\/li>\n\n\n\n<li><strong>Promovare:<\/strong> Stimularea interesului pentru viitoarele apeluri de proiecte.<\/li>\n<\/ul>\n\n\n\n<p><strong>Apel pentru contribu\u021bii:<\/strong> Cercet\u0103torii interesa\u021bi s\u0103 contribuie activ la masa rotund\u0103 sau s\u0103 trimit\u0103 un scurt video pentru sesiunea de testimoniale sunt invita\u021bi s\u0103 \u00ee\u0219i exprime interesul p\u00e2n\u0103 la data de <strong>15 aprilie 2026<\/strong>. Prima dintre acestea, masa rotund\u0103\u00a0<strong>\u201eFrom Romania to Europe and beyond \u2013 Building research careers with MSCA\u201d<\/strong>, \u00ee\u0219i propune s\u0103\u00a0discute aspecte despre carierele \u00een cercetare, mobilitate \u0219i impactul programului. Cea de-a doua sesiune\u00a0<strong>\u201eShort Testimonies: My MSCA experience in 1 minute\u201d<\/strong>\u00a0este deschis\u0103 doctoranzilor \u0219i cercet\u0103torilor postdoctorali implica\u021bi \u00een proiecte MSCA, care doresc s\u0103 prezinte experien\u021ba lor personal\u0103 sub forma unui scurt video.<\/p>\n\n\n\n<hr class=\"wp-block-separator has-alpha-channel-opacity\" \/>\n\n\n\n<h3 class=\"wp-block-heading\">Agenda \u0219i sesiuni interactive<\/h3>\n\n\n\n<p id=\"p-rc_37c1e87c6b9173f9-120\">Evenimentul va fi moderat de exper\u021bii NCP din cadrul UEFISCDI, Dr. Sabina Olaru \u0219i Adriana Rotar.<\/p>\n\n\n\n<figure class=\"wp-block-table\"><table class=\"has-fixed-layout\"><thead><tr><td><strong>Interval Orar<\/strong><\/td><td><strong>Sesiune \/ Tematic\u0103<\/strong><\/td><td><strong>Speakeri<\/strong><\/td><\/tr><\/thead><tbody><tr><td><strong>10:10 &#8211; 10:50<\/strong><\/td><td>Nout\u0103\u021bi MSCA 2026-2027: Prezentare program<\/td><td>Dr. Robin Gadbled (Comisia European\u0103)<\/td><\/tr><tr><td><strong>11:10 &#8211; 11:40<\/strong><\/td><td>Participarea Rom\u00e2niei \u00een MSCA la zi<\/td><td>Dr. Sabina Olaru, Adriana Rotar, Dr. Corina Barna<\/td><\/tr><tr><td><strong>11:40 &#8211; 13:00<\/strong><\/td><td>Mas\u0103 rotund\u0103: Construirea carierei cu MSCA<\/td><td>Alumni, supervizori \u0219i beneficiari<\/td><\/tr><tr><td><strong>13:10 &#8211; 13:30<\/strong><\/td><td>Testimoniale scurte (1 minut)<\/td><td>Doctoranzi \u0219i postdoctoranzi<\/td><\/tr><\/tbody><\/table><\/figure>\n\n\n\n<blockquote class=\"wp-block-quote is-layout-flow wp-block-quote-is-layout-flow\">\n<p><\/p>\n<\/blockquote>\n\n\n\n<h3 class=\"wp-block-heading\">Informa\u021bii logistice<\/h3>\n\n\n\n<p>Participarea se face pe baz\u0103 de \u00eenregistrare prealabil\u0103 acces\u00e2nd link-ul de mai jos.<br><a href=\"https:\/\/www.ncp.uefiscdi.ro\/event-details-registration\/30years-msca-romania\" target=\"_blank\" rel=\"noreferrer noopener\"><strong>https:\/\/www.ncp.uefiscdi.ro\/event-details-registration\/30years-msca-romania<\/strong><\/a><\/p>\n","protected":false,"gt_translate_keys":[{"key":"rendered","format":"html"}]},"excerpt":{"rendered":"<p>\u00cen data de 22 aprilie 2026, comunitatea academic\u0103 \u0219i de cercetare din Rom\u00e2nia este invitat\u0103 s\u0103 participe la evenimentul online \u201e30 Years of MSCA: Inspiring Romanian Researchers\u201d. Manifestarea marcheaz\u0103 trei decenii de activitate a programului Ac\u021biunile Marie Sk\u0142odowska-Curie (MSCA), pilon central \u00een sus\u021binerea mobilit\u0103\u021bii interna\u021bionale \u0219i a dezvolt\u0103rii carierei cercet\u0103torilor. Evenimentul este organizat de Unitatea [&hellip;]<\/p>\n","protected":false,"gt_translate_keys":[{"key":"rendered","format":"html"}]},"author":41,"featured_media":0,"comment_status":"closed","ping_status":"closed","sticky":false,"template":"","format":"standard","meta":{"footnotes":"","_links_to":"","_links_to_target":""},"categories":[163],"tags":[],"class_list":["post-46949","post","type-post","status-publish","format-standard","hentry","category-noutati-citt"],"gt_translate_keys":[{"key":"link","format":"url"}],"_links":{"self":[{"href":"https:\/\/uvt.ro\/cercetare\/wp-json\/wp\/v2\/posts\/46949","targetHints":{"allow":["GET"]}}],"collection":[{"href":"https:\/\/uvt.ro\/cercetare\/wp-json\/wp\/v2\/posts"}],"about":[{"href":"https:\/\/uvt.ro\/cercetare\/wp-json\/wp\/v2\/types\/post"}],"author":[{"embeddable":true,"href":"https:\/\/uvt.ro\/cercetare\/wp-json\/wp\/v2\/users\/41"}],"replies":[{"embeddable":true,"href":"https:\/\/uvt.ro\/cercetare\/wp-json\/wp\/v2\/comments?post=46949"}],"version-history":[{"count":1,"href":"https:\/\/uvt.ro\/cercetare\/wp-json\/wp\/v2\/posts\/46949\/revisions"}],"predecessor-version":[{"id":46950,"href":"https:\/\/uvt.ro\/cercetare\/wp-json\/wp\/v2\/posts\/46949\/revisions\/46950"}],"wp:attachment":[{"href":"https:\/\/uvt.ro\/cercetare\/wp-json\/wp\/v2\/media?parent=46949"}],"wp:term":[{"taxonomy":"category","embeddable":true,"href":"https:\/\/uvt.ro\/cercetare\/wp-json\/wp\/v2\/categories?post=46949"},{"taxonomy":"post_tag","embeddable":true,"href":"https:\/\/uvt.ro\/cercetare\/wp-json\/wp\/v2\/tags?post=46949"}],"curies":[{"name":"wp","href":"https:\/\/api.w.org\/{rel}","templated":true}]}}