{"id":46977,"date":"2026-04-17T06:23:07","date_gmt":"2026-04-17T06:23:07","guid":{"rendered":"https:\/\/uvt.ro\/cercetare\/?p=46977"},"modified":"2026-04-17T06:23:09","modified_gmt":"2026-04-17T06:23:09","slug":"talenton-2026-o-oportunitate-europeana-pentru-tinerii-cercetatori-uvt","status":"publish","type":"post","link":"https:\/\/uvt.ro\/cercetare\/2026\/04\/talenton-2026-o-oportunitate-europeana-pentru-tinerii-cercetatori-uvt\/","title":{"rendered":"TalentOn 2026: o oportunitate european\u0103 pentru tinerii cercet\u0103tori UVT","gt_translate_keys":[{"key":"rendered","format":"text"}]},"content":{"rendered":"\n<p>Tinerii cercet\u0103tori din Universitatea de Vest din Timi\u0219oara sunt invita\u021bi s\u0103 \u00ee\u0219i activeze curajul, creativitatea \u0219i spiritul antreprenorial la <strong>EU TalentOn 2026<\/strong>, competi\u021bia european\u0103 dedicat\u0103 cercet\u0103torilor afla\u021bi la \u00eenceput de drum. \u00censcrierile sunt deschise p\u00e2n\u0103 \u00een <strong>30 aprilie 2026, ora 23:59<\/strong>, iar competi\u021bia se va desf\u0103\u0219ura \u00een <strong>Brest, Fran\u021ba, \u00een perioada 7\u201311 septembrie 2026<\/strong>. Programul se adreseaz\u0103 cercet\u0103torilor cu v\u00e2rste \u00eentre <strong>21 \u0219i 35 de ani<\/strong>, din toate domeniile \u0219tiin\u021bei, afla\u021bi la nivel de licen\u021b\u0103, masterat, doctorat sau \u00een primii ani ai carierei de cercetare.<\/p>\n\n\n\n<p>EU TalentOn este mai mult dec\u00e2t o competi\u021bie: este un <strong>science hackathon european<\/strong> care reune\u0219te <strong>100 de tineri cercet\u0103tori din Europa<\/strong>, selecta\u021bi pentru a lucra \u00een echipe interdisciplinare la solu\u021bii inovatoare pentru unele dintre cele mai importante provoc\u0103ri ale societ\u0103\u021bii. Participan\u021bii dezvolt\u0103 idei cu poten\u021bial real de aplicare, primesc \u00eendrumare de la mentori \u0219i exper\u021bi \u0219i \u00ee\u0219i prezint\u0103 proiectele \u00een fa\u021ba unui juriu profesionist. Temele competi\u021biei sunt aliniate celor <strong>cinci misiuni ale Uniunii Europene<\/strong>: adaptarea la schimb\u0103rile climatice, prevenirea \u0219i \u00eengrijirea cancerului, revitalizarea oceanelor \u0219i apelor, ora\u0219e inteligente \u0219i neutre climatic, respectiv tranzi\u021bia c\u0103tre soluri s\u0103n\u0103toase. Toate costurile de transport, cazarea \u0219i mas\u0103 vor fi acoperite pe durata s\u0103pt\u0103m\u00e2nii competi\u021biei, astfel \u00eenc\u00e2t participarea la ultima etapa a competi\u021biei desf\u0103\u0219urat\u0103 \u00een Brest este gratuit\u0103. \u00cen plus, cele mai bune echipe vor \u00eemp\u0103r\u021bi un fond total de premii de 80.000 de euro.<\/p>\n\n\n\n<p>Pentru a \u00een\u021belege mai bine impactul unei astfel de particip\u0103ri \u00een cariera de cercet\u0103tor, Evelina T\u0103nasie, doctorand\u0103 \u00een cadrul Facult\u0103\u021bii de Arte \u0219i Design a UVT, ce studiaz\u0103 <em>designul vestimentar incluziv<\/em>, ne-a transmis un testimonial ce descrie participarea ei la TalentOn edi\u021bia 2024:<\/p>\n\n\n\n<blockquote class=\"wp-block-quote is-layout-flow wp-block-quote-is-layout-flow\">\n<p>\u201eVreau s\u0103 v\u0103 \u00eencurajez sincer s\u0103 aplica\u021bi la EU TalentOn. Pentru mine a fost una dintre cele mai faine experien\u021be din timpul parcursului academic. Am aplicat ca doctorand, dar pute\u021bi aplica \u0219i ca studen\u021bi sau masteranzi. Procesul de aplicare este foarte simplu \u0219i accesibil, a\u0219a c\u0103 merit\u0103 \u00eencercat f\u0103r\u0103 ezitare. Eu am participat \u00een 2024, la Katowice, \u0219i a fost pentru prima dat\u0103 c\u00e2nd am plecat singur\u0103 \u00eentr-o astfel de experien\u021b\u0103, chiar am mers cu autobuzul p\u00e2n\u0103 \u00een Polonia. Unul dintre cele mai frumoase lucruri a fost faptul c\u0103 am \u00eent\u00e2lnit oameni noi din toat\u0103 Europa, inclusiv rom\u00e2ni din alte universit\u0103\u021bi. Am lucrat \u00een echipe interdisciplinare, ceea ce a fost extrem de interesant. Ai ocazia s\u0103 descoperi cum g\u00e2ndesc al\u021bii, din domenii complet diferite, \u0219i s\u0103 \u00eenve\u021bi cum s\u0103 colaborezi eficient pentru a construi o idee de afacere \u00eempreun\u0103. \u00cen plus, transportul \u0219i cazarea sunt asigurate, ceea ce face experien\u021ba \u0219i mai accesibil\u0103. Chiar merit\u0103 din plin pentru oportunit\u0103\u021bile pe care le ofer\u0103. Exist\u0103 inclusiv \u0219ansa de a pleca cu un premiu, a\u0219a cum s-a \u00eent\u00e2mplat \u00een cazul meu \u0219i al echipei mele (Second Prize). V\u0103 \u00eencurajez s\u0103 profita\u021bi de aceast\u0103 oportunitate. Este o experien\u021b\u0103 care v\u0103 poate deschide perspective noi \u0219i v\u0103 poate aduce mult\u0103 \u00eencredere \u00een propriile for\u021be. Mult succes \u0219i curaj!\u201d<\/p>\n\n\n\n<p>\u201eProiectele din cadrul EU TalentOn trebuie s\u0103 \u00eendeplineasc\u0103 patru criterii esen\u021biale: merit \u0219tiin\u021bific, creativitate, fezabilitate \u0219i atractivitate. Propunerile trebuie s\u0103 fie solide din punct de vedere \u0219tiin\u021bific \u0219i s\u0103 abordeze probleme reale, promov\u00e2nd \u00een acela\u0219i timp idei inovatoare \u0219i neobi\u0219nuite. De\u0219i creativitatea este important\u0103, proiectele trebuie s\u0103 fie \u0219i realizabile, f\u0103r\u0103 a se baza pe tehnologii imposibile. \u00cen plus, prezentarea lor trebuie s\u0103 fie conving\u0103toare, \u00eencuraj\u00e2nd abord\u0103ri \u00eendr\u0103zne\u021be \u0219i antreprenoriale.\u201d<\/p>\n<\/blockquote>\n\n\n\n<p>Procesul de aplicare se realizeaz\u0103 online \u0219i include completarea formularului reg\u0103sit pe pagina competi\u021biei, alegerea a una sau a dou\u0103 arii tematice \u0219i r\u0103spunsuri la c\u00e2teva \u00eentreb\u0103ri motiva\u021bionale. Evaluarea are loc \u00een mai multe etape, iar candida\u021bii selecta\u021bi vor fi anun\u021ba\u021bi pe parcursul lunii iunie 2026. Dac\u0103 ai o idee, o motiva\u021bie puternic\u0103 \u0219i dorin\u021ba de a face parte dintr-o comunitate european\u0103 a inov\u0103rii, <strong>aplic\u0103 p\u00e2n\u0103 la 30 aprilie 2026. <\/strong><a href=\"https:\/\/www.eutalentonbrest2026.eu\/about\/the-event\/\" target=\"_blank\" rel=\"noopener\">https:\/\/www.eutalentonbrest2026.eu\/about\/the-event\/<\/a><\/p>\n\n\n\n<figure class=\"wp-block-gallery has-nested-images columns-default is-cropped wp-block-gallery-1 is-layout-flex wp-block-gallery-is-layout-flex\">\n<figure class=\"wp-block-image size-large\"><img fetchpriority=\"high\" decoding=\"async\" width=\"1024\" height=\"682\" data-id=\"46979\" src=\"https:\/\/uvt.ro\/wp-content\/uploads\/sites\/2\/2026\/04\/WhatsApp-Image-2026-03-10-at-11.58.36-1024x682.jpeg\" alt=\"\" class=\"wp-image-46979\" srcset=\"https:\/\/uvt.ro\/wp-content\/uploads\/sites\/2\/2026\/04\/WhatsApp-Image-2026-03-10-at-11.58.36-1024x682.jpeg 1024w, https:\/\/uvt.ro\/wp-content\/uploads\/sites\/2\/2026\/04\/WhatsApp-Image-2026-03-10-at-11.58.36-300x200.jpeg 300w, https:\/\/uvt.ro\/wp-content\/uploads\/sites\/2\/2026\/04\/WhatsApp-Image-2026-03-10-at-11.58.36-768x512.jpeg 768w, https:\/\/uvt.ro\/wp-content\/uploads\/sites\/2\/2026\/04\/WhatsApp-Image-2026-03-10-at-11.58.36-391x260.jpeg 391w, https:\/\/uvt.ro\/wp-content\/uploads\/sites\/2\/2026\/04\/WhatsApp-Image-2026-03-10-at-11.58.36-1536x1023.jpeg 1536w, https:\/\/uvt.ro\/wp-content\/uploads\/sites\/2\/2026\/04\/WhatsApp-Image-2026-03-10-at-11.58.36.jpeg 1600w\" sizes=\"(max-width: 1024px) 100vw, 1024px\" \/><\/figure>\n\n\n\n<figure class=\"wp-block-image size-large\"><img decoding=\"async\" width=\"768\" height=\"1024\" data-id=\"46980\" data-src=\"https:\/\/uvt.ro\/wp-content\/uploads\/sites\/2\/2026\/04\/WhatsApp-Image-2026-03-10-at-11.58.28-768x1024.jpeg\" alt=\"\" class=\"wp-image-46980 lazyload\" data-srcset=\"https:\/\/uvt.ro\/wp-content\/uploads\/sites\/2\/2026\/04\/WhatsApp-Image-2026-03-10-at-11.58.28-768x1024.jpeg 768w, https:\/\/uvt.ro\/wp-content\/uploads\/sites\/2\/2026\/04\/WhatsApp-Image-2026-03-10-at-11.58.28-225x300.jpeg 225w, https:\/\/uvt.ro\/wp-content\/uploads\/sites\/2\/2026\/04\/WhatsApp-Image-2026-03-10-at-11.58.28-300x400.jpeg 300w, https:\/\/uvt.ro\/wp-content\/uploads\/sites\/2\/2026\/04\/WhatsApp-Image-2026-03-10-at-11.58.28-1152x1536.jpeg 1152w, https:\/\/uvt.ro\/wp-content\/uploads\/sites\/2\/2026\/04\/WhatsApp-Image-2026-03-10-at-11.58.28.jpeg 1200w\" data-sizes=\"(max-width: 768px) 100vw, 768px\" src=\"data:image\/svg+xml;base64,PHN2ZyB3aWR0aD0iMSIgaGVpZ2h0PSIxIiB4bWxucz0iaHR0cDovL3d3dy53My5vcmcvMjAwMC9zdmciPjwvc3ZnPg==\" style=\"--smush-placeholder-width: 768px; --smush-placeholder-aspect-ratio: 768\/1024;\" \/><\/figure>\n\n\n\n<figure class=\"wp-block-image size-large\"><img decoding=\"async\" width=\"1024\" height=\"682\" data-id=\"46981\" data-src=\"https:\/\/uvt.ro\/wp-content\/uploads\/sites\/2\/2026\/04\/WhatsApp-Image-2026-03-10-at-11.58.41-1024x682.jpeg\" alt=\"\" class=\"wp-image-46981 lazyload\" data-srcset=\"https:\/\/uvt.ro\/wp-content\/uploads\/sites\/2\/2026\/04\/WhatsApp-Image-2026-03-10-at-11.58.41-1024x682.jpeg 1024w, https:\/\/uvt.ro\/wp-content\/uploads\/sites\/2\/2026\/04\/WhatsApp-Image-2026-03-10-at-11.58.41-300x200.jpeg 300w, https:\/\/uvt.ro\/wp-content\/uploads\/sites\/2\/2026\/04\/WhatsApp-Image-2026-03-10-at-11.58.41-768x512.jpeg 768w, https:\/\/uvt.ro\/wp-content\/uploads\/sites\/2\/2026\/04\/WhatsApp-Image-2026-03-10-at-11.58.41-391x260.jpeg 391w, https:\/\/uvt.ro\/wp-content\/uploads\/sites\/2\/2026\/04\/WhatsApp-Image-2026-03-10-at-11.58.41-1536x1023.jpeg 1536w, https:\/\/uvt.ro\/wp-content\/uploads\/sites\/2\/2026\/04\/WhatsApp-Image-2026-03-10-at-11.58.41.jpeg 1600w\" data-sizes=\"(max-width: 1024px) 100vw, 1024px\" src=\"data:image\/svg+xml;base64,PHN2ZyB3aWR0aD0iMSIgaGVpZ2h0PSIxIiB4bWxucz0iaHR0cDovL3d3dy53My5vcmcvMjAwMC9zdmciPjwvc3ZnPg==\" style=\"--smush-placeholder-width: 1024px; --smush-placeholder-aspect-ratio: 1024\/682;\" \/><\/figure>\n<\/figure>\n\n\n\n<p class=\"has-text-align-center\"><em>EU TalentOn 2024, Katowice, Polonia<\/em><\/p>\n\n\n\n<p><\/p>\n","protected":false,"gt_translate_keys":[{"key":"rendered","format":"html"}]},"excerpt":{"rendered":"<p>Tinerii cercet\u0103tori din Universitatea de Vest din Timi\u0219oara sunt invita\u021bi s\u0103 \u00ee\u0219i activeze curajul, creativitatea \u0219i spiritul antreprenorial la EU TalentOn 2026, competi\u021bia european\u0103 dedicat\u0103 cercet\u0103torilor afla\u021bi la \u00eenceput de drum. \u00censcrierile sunt deschise p\u00e2n\u0103 \u00een 30 aprilie 2026, ora 23:59, iar competi\u021bia se va desf\u0103\u0219ura \u00een Brest, Fran\u021ba, \u00een perioada 7\u201311 septembrie 2026. Programul [&hellip;]<\/p>\n","protected":false,"gt_translate_keys":[{"key":"rendered","format":"html"}]},"author":41,"featured_media":46978,"comment_status":"closed","ping_status":"closed","sticky":false,"template":"","format":"standard","meta":{"footnotes":"","_links_to":"","_links_to_target":""},"categories":[163],"tags":[],"class_list":["post-46977","post","type-post","status-publish","format-standard","has-post-thumbnail","hentry","category-noutati-citt"],"gt_translate_keys":[{"key":"link","format":"url"}],"_links":{"self":[{"href":"https:\/\/uvt.ro\/cercetare\/wp-json\/wp\/v2\/posts\/46977","targetHints":{"allow":["GET"]}}],"collection":[{"href":"https:\/\/uvt.ro\/cercetare\/wp-json\/wp\/v2\/posts"}],"about":[{"href":"https:\/\/uvt.ro\/cercetare\/wp-json\/wp\/v2\/types\/post"}],"author":[{"embeddable":true,"href":"https:\/\/uvt.ro\/cercetare\/wp-json\/wp\/v2\/users\/41"}],"replies":[{"embeddable":true,"href":"https:\/\/uvt.ro\/cercetare\/wp-json\/wp\/v2\/comments?post=46977"}],"version-history":[{"count":1,"href":"https:\/\/uvt.ro\/cercetare\/wp-json\/wp\/v2\/posts\/46977\/revisions"}],"predecessor-version":[{"id":46982,"href":"https:\/\/uvt.ro\/cercetare\/wp-json\/wp\/v2\/posts\/46977\/revisions\/46982"}],"wp:featuredmedia":[{"embeddable":true,"href":"https:\/\/uvt.ro\/cercetare\/wp-json\/wp\/v2\/media\/46978"}],"wp:attachment":[{"href":"https:\/\/uvt.ro\/cercetare\/wp-json\/wp\/v2\/media?parent=46977"}],"wp:term":[{"taxonomy":"category","embeddable":true,"href":"https:\/\/uvt.ro\/cercetare\/wp-json\/wp\/v2\/categories?post=46977"},{"taxonomy":"post_tag","embeddable":true,"href":"https:\/\/uvt.ro\/cercetare\/wp-json\/wp\/v2\/tags?post=46977"}],"curies":[{"name":"wp","href":"https:\/\/api.w.org\/{rel}","templated":true}]}}