{"id":46983,"date":"2026-04-17T09:55:16","date_gmt":"2026-04-17T09:55:16","guid":{"rendered":"https:\/\/uvt.ro\/cercetare\/?p=46983"},"modified":"2026-04-17T10:52:36","modified_gmt":"2026-04-17T10:52:36","slug":"funding-oportunities-for-cities-webinar","status":"publish","type":"post","link":"https:\/\/uvt.ro\/cercetare\/2026\/04\/funding-oportunities-for-cities-webinar\/","title":{"rendered":"Funding opportunities for cities &#8211; Webinar","gt_translate_keys":[{"key":"rendered","format":"text"}]},"content":{"rendered":"\n<p>Universitatea de Vest din Timi\u0219oara v\u0103 invit\u0103 s\u0103 participa\u021bi la un webinar dedicat oportunit\u0103\u021bilor de finan\u021bare european\u0103, organizat \u00een cadrul mi\u0219c\u0103rii Living-in.EU, prin grupul de lucru Education and Capacity-building. Evenimentul face parte din seria de sesiuni dedicate acces\u0103rii fondurilor europene \u0219i \u00ee\u0219i propune s\u0103 reuneasc\u0103 reprezentan\u021bi ai administra\u021biilor locale \u0219i regionale \u00eentr-un dialog aplicat despre modul \u00een care pot fi identificate, accesate \u0219i implementate cu succes proiectele finan\u021bate de Uniunea European\u0103. Totodat\u0103, webinarul va eviden\u021bia \u0219i rolul proiectului LiEU \u00een sprijinirea ora\u0219elor \u0219i regiunilor \u00een acest proces.<\/p>\n\n\n\n<p><strong>Detalii eveniment:<\/strong><br><strong>Data:<\/strong> 5 mai 2026<br><strong>Ora:<\/strong> 10:00\u201311:00 CET<br><strong>Loca\u021bie:<\/strong> online, pe MS Teams<br><strong>Participare:<\/strong> gratuit\u0103<\/p>\n\n\n\n<p>Tema webinarului vizeaz\u0103 principalele etape ale ciclului de via\u021b\u0103 al unui proiect european, de la identificarea apelurilor de finan\u021bare potrivite \u0219i construirea consor\u021biilor, p\u00e2n\u0103 la redactarea \u0219i depunerea propunerilor, gestionarea bugetului \u0219i implementarea proiectelor. Participan\u021bii vor avea ocazia s\u0103 descopere exemple concrete, lec\u021bii \u00eenv\u0103\u021bate \u0219i recomand\u0103ri practice rezultate din experien\u021ba unor administra\u021bii care au parcurs deja aceste etape, precum \u0219i s\u0103 \u00een\u021beleag\u0103 mai bine provoc\u0103rile frecvente \u0219i criteriile urm\u0103rite de evaluatori. \u00cen contextul extinderii unor programe europene importante, precum Horizon Europe, Digital Europe Programme, Net Zero Cities sau New European Bauhaus, webinarul ofer\u0103 un cadru util de \u00eenv\u0103\u021bare \u0219i schimb de experien\u021b\u0103 pentru to\u021bi cei interesa\u021bi de consolidarea capacit\u0103\u021bii de accesare a fondurilor europene.<\/p>\n\n\n\n<p><strong>AGENDA<\/strong><\/p>\n\n\n\n<p>10:00-10:05 | Welcome and the Living-in.EU project<\/p>\n\n\n\n<p>10:05-10:45 | Case studies:\u00a0<\/p>\n\n\n\n<p><strong>City of Ghent, Belgium<\/strong>&nbsp;&#8211; Heidi De Vleeschouwer<\/p>\n\n\n\n<p><strong>M\u00e9tropole Europ\u00e9enne de Lille, France<\/strong>&nbsp;&#8211; Marie Guitton<\/p>\n\n\n\n<p><strong>City of Riga, Latvia<\/strong>&nbsp;&#8211; Speaker TBC<\/p>\n\n\n\n<p>10:45-10:55 | Q&amp;A<\/p>\n\n\n\n<p>10:55-11:00 | Closing<\/p>\n\n\n\n<p>Pentru a afla mai multe detalii \u0219i a v\u0103 \u00eenscrie pute\u021bi accesa linkul de mai jos:<br><a href=\"https:\/\/living-in.eu\/events\/webinar-funding-opportunities-cities-lessons-what-do-and-avoid-when-applying-and\" target=\"_blank\" rel=\"noopener\">https:\/\/living-in.eu\/events\/webinar-funding-opportunities-cities-lessons-what-do-and-avoid-when-applying-and<\/a><\/p>\n","protected":false,"gt_translate_keys":[{"key":"rendered","format":"html"}]},"excerpt":{"rendered":"<p>Universitatea de Vest din Timi\u0219oara v\u0103 invit\u0103 s\u0103 participa\u021bi la un webinar dedicat oportunit\u0103\u021bilor de finan\u021bare european\u0103, organizat \u00een cadrul mi\u0219c\u0103rii Living-in.EU, prin grupul de lucru Education and Capacity-building. Evenimentul face parte din seria de sesiuni dedicate acces\u0103rii fondurilor europene \u0219i \u00ee\u0219i propune s\u0103 reuneasc\u0103 reprezentan\u021bi ai administra\u021biilor locale \u0219i regionale \u00eentr-un dialog aplicat despre [&hellip;]<\/p>\n","protected":false,"gt_translate_keys":[{"key":"rendered","format":"html"}]},"author":41,"featured_media":0,"comment_status":"closed","ping_status":"closed","sticky":false,"template":"","format":"standard","meta":{"footnotes":"","_links_to":"","_links_to_target":""},"categories":[163],"tags":[],"class_list":["post-46983","post","type-post","status-publish","format-standard","hentry","category-noutati-citt"],"gt_translate_keys":[{"key":"link","format":"url"}],"_links":{"self":[{"href":"https:\/\/uvt.ro\/cercetare\/wp-json\/wp\/v2\/posts\/46983","targetHints":{"allow":["GET"]}}],"collection":[{"href":"https:\/\/uvt.ro\/cercetare\/wp-json\/wp\/v2\/posts"}],"about":[{"href":"https:\/\/uvt.ro\/cercetare\/wp-json\/wp\/v2\/types\/post"}],"author":[{"embeddable":true,"href":"https:\/\/uvt.ro\/cercetare\/wp-json\/wp\/v2\/users\/41"}],"replies":[{"embeddable":true,"href":"https:\/\/uvt.ro\/cercetare\/wp-json\/wp\/v2\/comments?post=46983"}],"version-history":[{"count":4,"href":"https:\/\/uvt.ro\/cercetare\/wp-json\/wp\/v2\/posts\/46983\/revisions"}],"predecessor-version":[{"id":46988,"href":"https:\/\/uvt.ro\/cercetare\/wp-json\/wp\/v2\/posts\/46983\/revisions\/46988"}],"wp:attachment":[{"href":"https:\/\/uvt.ro\/cercetare\/wp-json\/wp\/v2\/media?parent=46983"}],"wp:term":[{"taxonomy":"category","embeddable":true,"href":"https:\/\/uvt.ro\/cercetare\/wp-json\/wp\/v2\/categories?post=46983"},{"taxonomy":"post_tag","embeddable":true,"href":"https:\/\/uvt.ro\/cercetare\/wp-json\/wp\/v2\/tags?post=46983"}],"curies":[{"name":"wp","href":"https:\/\/api.w.org\/{rel}","templated":true}]}}