{"id":46989,"date":"2026-04-28T05:59:55","date_gmt":"2026-04-28T05:59:55","guid":{"rendered":"https:\/\/uvt.ro\/cercetare\/?p=46989"},"modified":"2026-04-28T05:59:57","modified_gmt":"2026-04-28T05:59:57","slug":"uvt-a-fost-reprezentata-la-poznan-in-cadrul-unor-initiative-europene-dedicate-inovarii-si-colaborarii-internationale","status":"publish","type":"post","link":"https:\/\/uvt.ro\/cercetare\/2026\/04\/uvt-a-fost-reprezentata-la-poznan-in-cadrul-unor-initiative-europene-dedicate-inovarii-si-colaborarii-internationale\/","title":{"rendered":"UVT a fost reprezentat\u0103 la Pozna\u0144 \u00een cadrul unor ini\u021biative europene dedicate inov\u0103rii \u0219i colabor\u0103rii interna\u021bionale","gt_translate_keys":[{"key":"rendered","format":"text"}]},"content":{"rendered":"\n<p>Universitatea de Vest din Timi\u0219oara a fost reprezentat\u0103 \u00een luna aprilie la Pozna\u0144, Polonia, \u00een cadrul unor evenimente europene dedicate inov\u0103rii, colabor\u0103rii interinstitu\u021bionale \u0219i transferului tehnologic de c\u0103tre Alexandra Petcu, director al Centrului pentru Inovare \u0219i Transfer Tehnologic.<\/p>\n\n\n\n<p>Vizita a inclus o \u00eent\u00e2lnire de lucru la Pozna\u0144 Supercomputing and Networking Center (PCSS), un reper important \u00een domeniul infrastructurilor de cercetare \u0219i dezvoltare digital\u0103. \u00cen acest context, au fost eviden\u021biate rela\u021biile de colaborare existente \u00eentre PCSS \u0219i Facultatea de Informatic\u0103 din cadrul UVT, subliniindu-se importan\u021ba consolid\u0103rii parteneriatelor academice interna\u021bionale pentru sus\u021binerea inov\u0103rii \u0219i a excelen\u021bei \u00een cercetare.<\/p>\n\n\n\n<p>De asemenea, UVT a fost reprezentat\u0103 \u00een cadrul reuniunii Consiliului European Network of Living Labs (ENoLL), urmat\u0103 de participarea la Polish Living Lab Summit. Evenimentul a reunit actori relevan\u021bi din mediul academic, administra\u021bia public\u0103, sectorul non-guvernamental \u0219i industrie, facilit\u00e2nd un dialog interdisciplinar privind extinderea \u0219i integrarea ini\u021biativelor de tip Living Lab \u00een ecosistemele de inovare.<\/p>\n\n\n\n<p>\u00cen cadrul dezbaterilor, a fost eviden\u021biat rolul strategic al universit\u0103\u021bilor \u00een sus\u021binerea proceselor de inovare deschis\u0103, prin valorificarea sinergiilor dintre educa\u021bie, cercetare \u0219i serviciul \u00een folosul comunit\u0103\u021bii. Modelul Living Lab ofer\u0103 un cadru aplicat de \u00eenv\u0103\u021bare \u0219i co-creare, \u00een care studen\u021bii \u0219i cercet\u0103torii contribuie activ la identificarea \u0219i testarea unor solu\u021bii pentru provoc\u0103ri reale, \u00een colaborare cu parteneri institu\u021bionali \u0219i economici.<\/p>\n\n\n\n<p>Prin participarea la aceste ini\u021biative, Universitatea de Vest din Timi\u0219oara \u00ee\u0219i reafirm\u0103 angajamentul pentru dezvoltarea cooper\u0103rii interna\u021bionale, promovarea inov\u0103rii \u0219i implicarea activ\u0103 \u00een construirea unor ecosisteme sustenabile de cercetare \u0219i transfer tehnologic.<\/p>\n\n\n\n<figure class=\"wp-block-image size-large\"><img fetchpriority=\"high\" decoding=\"async\" width=\"1024\" height=\"576\" src=\"https:\/\/uvt.ro\/wp-content\/uploads\/sites\/2\/2026\/04\/1776700723251-1024x576.jpg\" alt=\"\" class=\"wp-image-46993\" srcset=\"https:\/\/uvt.ro\/wp-content\/uploads\/sites\/2\/2026\/04\/1776700723251-1024x576.jpg 1024w, https:\/\/uvt.ro\/wp-content\/uploads\/sites\/2\/2026\/04\/1776700723251-300x169.jpg 300w, https:\/\/uvt.ro\/wp-content\/uploads\/sites\/2\/2026\/04\/1776700723251-768x432.jpg 768w, https:\/\/uvt.ro\/wp-content\/uploads\/sites\/2\/2026\/04\/1776700723251-1536x864.jpg 1536w, https:\/\/uvt.ro\/wp-content\/uploads\/sites\/2\/2026\/04\/1776700723251-scaled.jpg 1600w\" sizes=\"(max-width: 1024px) 100vw, 1024px\" \/><\/figure>\n","protected":false,"gt_translate_keys":[{"key":"rendered","format":"html"}]},"excerpt":{"rendered":"<p>Universitatea de Vest din Timi\u0219oara a fost reprezentat\u0103 \u00een luna aprilie la Pozna\u0144, Polonia, \u00een cadrul unor evenimente europene dedicate inov\u0103rii, colabor\u0103rii interinstitu\u021bionale \u0219i transferului tehnologic de c\u0103tre Alexandra Petcu, director al Centrului pentru Inovare \u0219i Transfer Tehnologic. Vizita a inclus o \u00eent\u00e2lnire de lucru la Pozna\u0144 Supercomputing and Networking Center (PCSS), un reper important [&hellip;]<\/p>\n","protected":false,"gt_translate_keys":[{"key":"rendered","format":"html"}]},"author":41,"featured_media":0,"comment_status":"closed","ping_status":"closed","sticky":false,"template":"","format":"standard","meta":{"footnotes":"","_links_to":"","_links_to_target":""},"categories":[1,163],"tags":[],"class_list":["post-46989","post","type-post","status-publish","format-standard","hentry","category-uncategorized","category-noutati-citt"],"gt_translate_keys":[{"key":"link","format":"url"}],"_links":{"self":[{"href":"https:\/\/uvt.ro\/cercetare\/wp-json\/wp\/v2\/posts\/46989","targetHints":{"allow":["GET"]}}],"collection":[{"href":"https:\/\/uvt.ro\/cercetare\/wp-json\/wp\/v2\/posts"}],"about":[{"href":"https:\/\/uvt.ro\/cercetare\/wp-json\/wp\/v2\/types\/post"}],"author":[{"embeddable":true,"href":"https:\/\/uvt.ro\/cercetare\/wp-json\/wp\/v2\/users\/41"}],"replies":[{"embeddable":true,"href":"https:\/\/uvt.ro\/cercetare\/wp-json\/wp\/v2\/comments?post=46989"}],"version-history":[{"count":1,"href":"https:\/\/uvt.ro\/cercetare\/wp-json\/wp\/v2\/posts\/46989\/revisions"}],"predecessor-version":[{"id":46994,"href":"https:\/\/uvt.ro\/cercetare\/wp-json\/wp\/v2\/posts\/46989\/revisions\/46994"}],"wp:attachment":[{"href":"https:\/\/uvt.ro\/cercetare\/wp-json\/wp\/v2\/media?parent=46989"}],"wp:term":[{"taxonomy":"category","embeddable":true,"href":"https:\/\/uvt.ro\/cercetare\/wp-json\/wp\/v2\/categories?post=46989"},{"taxonomy":"post_tag","embeddable":true,"href":"https:\/\/uvt.ro\/cercetare\/wp-json\/wp\/v2\/tags?post=46989"}],"curies":[{"name":"wp","href":"https:\/\/api.w.org\/{rel}","templated":true}]}}