{"id":46996,"date":"2026-04-28T06:03:06","date_gmt":"2026-04-28T06:03:06","guid":{"rendered":"https:\/\/uvt.ro\/cercetare\/?p=46996"},"modified":"2026-04-28T06:03:07","modified_gmt":"2026-04-28T06:03:07","slug":"uvt-prezenta-din-nou-la-plantarea-padurii-ccifer","status":"publish","type":"post","link":"https:\/\/uvt.ro\/cercetare\/2026\/04\/uvt-prezenta-din-nou-la-plantarea-padurii-ccifer\/","title":{"rendered":"UVT prezent\u0103 din nou la plantarea P\u0103durii CCIFER\u00a0","gt_translate_keys":[{"key":"rendered","format":"text"}]},"content":{"rendered":"\n<p>Universitatea de Vest din Timi\u0219oara a participat \u00een data de 18 aprilie la o nou\u0103 ac\u021biune de plantare organizat\u0103 \u00een cadrul ini\u021biativei P\u0103durea CCIFER, desf\u0103\u0219urat\u0103 \u00een comuna C\u0103rpini\u0219, jude\u021bul Timi\u0219. Evenimentul a reunit voluntari din diverse organiza\u021bii, institu\u021bii \u0219i companii, uni\u021bi de obiectivul comun de a contribui activ la protejarea mediului \u0219i la dezvoltarea durabil\u0103 a comunit\u0103\u021bii locale.<\/p>\n\n\n\n<p>Continu\u00e2nd implicarea constant\u0103 \u00een astfel de ini\u021biative, o echip\u0103 dedicat\u0103 din partea UVT \u2013 format\u0103 din cadre universitare, studen\u021bi \u0219i personal administrativ \u2013 a fost prezent\u0103 pe teren, contribuind la extinderea suprafe\u021bei \u00eemp\u0103durite. Prin aceast\u0103 participare, Universitatea \u00ee\u0219i reafirm\u0103 angajamentul fa\u021b\u0103 de valorile sustenabilit\u0103\u021bii, responsabilit\u0103\u021bii sociale \u0219i educa\u021biei pentru mediu.<\/p>\n\n\n\n<p>Ac\u021biunea, organizat\u0103 sub egida Camerei de Comer\u021b, Industrie \u0219i Agricultur\u0103 Franceze \u00een Rom\u00e2nia (CCIFER), face parte dintr-un demers mai amplu de combatere a efectelor schimb\u0103rilor climatice, de \u00eembun\u0103t\u0103\u021bire a calit\u0103\u021bii aerului \u0219i de consolidare a colabor\u0103rii dintre mediul academic, sectorul privat \u0219i comunit\u0103\u021bile locale.<\/p>\n\n\n\n<p>Pentru Universitatea de Vest din Timi\u0219oara, participarea la aceast\u0103 nou\u0103 plantare reprezint\u0103 o continuare fireasc\u0103 a implic\u0103rii active \u00een proiecte cu impact comunitar ca dovad\u0103 a angajamentului institu\u021bional pentru a contribui la formarea de comunit\u0103\u021bi sustenabile.<\/p>\n\n\n\n<figure class=\"wp-block-image size-large\"><img fetchpriority=\"high\" decoding=\"async\" width=\"1024\" height=\"768\" src=\"https:\/\/uvt.ro\/wp-content\/uploads\/sites\/2\/2026\/04\/WhatsApp-Image-2026-04-28-at-08.56.52-1024x768.jpeg\" alt=\"\" class=\"wp-image-46997\" srcset=\"https:\/\/uvt.ro\/wp-content\/uploads\/sites\/2\/2026\/04\/WhatsApp-Image-2026-04-28-at-08.56.52-1024x768.jpeg 1024w, https:\/\/uvt.ro\/wp-content\/uploads\/sites\/2\/2026\/04\/WhatsApp-Image-2026-04-28-at-08.56.52-300x225.jpeg 300w, https:\/\/uvt.ro\/wp-content\/uploads\/sites\/2\/2026\/04\/WhatsApp-Image-2026-04-28-at-08.56.52-768x576.jpeg 768w, https:\/\/uvt.ro\/wp-content\/uploads\/sites\/2\/2026\/04\/WhatsApp-Image-2026-04-28-at-08.56.52-1536x1152.jpeg 1536w, https:\/\/uvt.ro\/wp-content\/uploads\/sites\/2\/2026\/04\/WhatsApp-Image-2026-04-28-at-08.56.52-scaled.jpeg 1600w\" sizes=\"(max-width: 1024px) 100vw, 1024px\" \/><\/figure>\n","protected":false,"gt_translate_keys":[{"key":"rendered","format":"html"}]},"excerpt":{"rendered":"<p>Universitatea de Vest din Timi\u0219oara a participat \u00een data de 18 aprilie la o nou\u0103 ac\u021biune de plantare organizat\u0103 \u00een cadrul ini\u021biativei P\u0103durea CCIFER, desf\u0103\u0219urat\u0103 \u00een comuna C\u0103rpini\u0219, jude\u021bul Timi\u0219. Evenimentul a reunit voluntari din diverse organiza\u021bii, institu\u021bii \u0219i companii, uni\u021bi de obiectivul comun de a contribui activ la protejarea mediului \u0219i la dezvoltarea durabil\u0103 [&hellip;]<\/p>\n","protected":false,"gt_translate_keys":[{"key":"rendered","format":"html"}]},"author":41,"featured_media":0,"comment_status":"closed","ping_status":"closed","sticky":false,"template":"","format":"standard","meta":{"footnotes":"","_links_to":"","_links_to_target":""},"categories":[163],"tags":[],"class_list":["post-46996","post","type-post","status-publish","format-standard","hentry","category-noutati-citt"],"gt_translate_keys":[{"key":"link","format":"url"}],"_links":{"self":[{"href":"https:\/\/uvt.ro\/cercetare\/wp-json\/wp\/v2\/posts\/46996","targetHints":{"allow":["GET"]}}],"collection":[{"href":"https:\/\/uvt.ro\/cercetare\/wp-json\/wp\/v2\/posts"}],"about":[{"href":"https:\/\/uvt.ro\/cercetare\/wp-json\/wp\/v2\/types\/post"}],"author":[{"embeddable":true,"href":"https:\/\/uvt.ro\/cercetare\/wp-json\/wp\/v2\/users\/41"}],"replies":[{"embeddable":true,"href":"https:\/\/uvt.ro\/cercetare\/wp-json\/wp\/v2\/comments?post=46996"}],"version-history":[{"count":1,"href":"https:\/\/uvt.ro\/cercetare\/wp-json\/wp\/v2\/posts\/46996\/revisions"}],"predecessor-version":[{"id":46998,"href":"https:\/\/uvt.ro\/cercetare\/wp-json\/wp\/v2\/posts\/46996\/revisions\/46998"}],"wp:attachment":[{"href":"https:\/\/uvt.ro\/cercetare\/wp-json\/wp\/v2\/media?parent=46996"}],"wp:term":[{"taxonomy":"category","embeddable":true,"href":"https:\/\/uvt.ro\/cercetare\/wp-json\/wp\/v2\/categories?post=46996"},{"taxonomy":"post_tag","embeddable":true,"href":"https:\/\/uvt.ro\/cercetare\/wp-json\/wp\/v2\/tags?post=46996"}],"curies":[{"name":"wp","href":"https:\/\/api.w.org\/{rel}","templated":true}]}}