{"id":46999,"date":"2026-04-28T06:04:37","date_gmt":"2026-04-28T06:04:37","guid":{"rendered":"https:\/\/uvt.ro\/cercetare\/?p=46999"},"modified":"2026-04-28T06:04:38","modified_gmt":"2026-04-28T06:04:38","slug":"uvt-a-fost-reprezentata-la-belgrad","status":"publish","type":"post","link":"https:\/\/uvt.ro\/cercetare\/2026\/04\/uvt-a-fost-reprezentata-la-belgrad\/","title":{"rendered":"UVT a fost reprezentat\u0103 la Belgrad","gt_translate_keys":[{"key":"rendered","format":"text"}]},"content":{"rendered":"\n<p>Universitatea de Vest din Timi\u0219oara a fost reprezentat\u0103 \u00een aceast\u0103 lun\u0103 la Facultatea de \u0218tiin\u021be Organiza\u021bionale (FON) din cadrul Universit\u0103\u021bii din Belgrad, printr-o delega\u021bie format\u0103 din Alexandra Petcu \u0219i Ioan Chindri\u0219. Vizita a avut ca obiectiv consolidarea rela\u021biilor de colaborare interna\u021bional\u0103 \u0219i identificarea unor noi direc\u021bii de cooperare academic\u0103 \u0219i de inovare.<\/p>\n\n\n\n<p>Discu\u021biile purtate cu reprezentan\u021bii institu\u021biei gazd\u0103 au vizat o serie de teme strategice, cu accent pe dezvoltarea ecosistemelor de inovare universitar\u0103. Un punct central al \u00eent\u00e2lnirii a fost discutarea strategiei de inovare, eviden\u021biindu-se modul \u00een care aceasta sus\u021bine integrarea cercet\u0103rii aplicate \u0219i a colabor\u0103rii cu mediul socio-economic, au fost explorate oportunit\u0103\u021bi concrete de colaborare \u00eentre cele dou\u0103 universit\u0103\u021bi. Un subiect de interes major l-a constituit adoptarea \u0219i implementarea modelului de tip Living Lab (Laborator Viu), ca instrument de co-creare \u0219i testare a solu\u021biilor inovatoare \u00een contexte reale, cu implicarea activ\u0103 a studen\u021bilor, cercet\u0103torilor \u0219i partenerilor externi.<\/p>\n\n\n\n<p>\u00cen cadrul \u00eent\u00e2lnirii au fost abordate \u0219i aspecte legate de transferul tehnologic, fiind discutate mecanismele prin care rezultatele cercet\u0103rii pot fi valorificate \u0219i integrate \u00een economie, contribuind astfel la cre\u0219terea impactului universit\u0103\u021bilor \u00een societate.<\/p>\n\n\n\n<p>Aceast\u0103 vizit\u0103 reflect\u0103 angajamentul Universit\u0103\u021bii de Vest din Timi\u0219oara pentru interna\u021bionalizare, inovare \u0219i dezvoltarea unor parteneriate durabile, orientate spre generarea de solu\u021bii relevante pentru provoc\u0103rile actuale.<\/p>\n\n\n\n<figure class=\"wp-block-image size-large\"><img fetchpriority=\"high\" decoding=\"async\" width=\"1024\" height=\"768\" src=\"https:\/\/uvt.ro\/wp-content\/uploads\/sites\/2\/2026\/04\/WhatsApp-Image-2026-04-24-at-14.19.37-1024x768.jpeg\" alt=\"\" class=\"wp-image-47000\" srcset=\"https:\/\/uvt.ro\/wp-content\/uploads\/sites\/2\/2026\/04\/WhatsApp-Image-2026-04-24-at-14.19.37-1024x768.jpeg 1024w, https:\/\/uvt.ro\/wp-content\/uploads\/sites\/2\/2026\/04\/WhatsApp-Image-2026-04-24-at-14.19.37-300x225.jpeg 300w, https:\/\/uvt.ro\/wp-content\/uploads\/sites\/2\/2026\/04\/WhatsApp-Image-2026-04-24-at-14.19.37-768x576.jpeg 768w, https:\/\/uvt.ro\/wp-content\/uploads\/sites\/2\/2026\/04\/WhatsApp-Image-2026-04-24-at-14.19.37-1536x1152.jpeg 1536w, https:\/\/uvt.ro\/wp-content\/uploads\/sites\/2\/2026\/04\/WhatsApp-Image-2026-04-24-at-14.19.37.jpeg 1600w\" sizes=\"(max-width: 1024px) 100vw, 1024px\" \/><\/figure>\n","protected":false,"gt_translate_keys":[{"key":"rendered","format":"html"}]},"excerpt":{"rendered":"<p>Universitatea de Vest din Timi\u0219oara a fost reprezentat\u0103 \u00een aceast\u0103 lun\u0103 la Facultatea de \u0218tiin\u021be Organiza\u021bionale (FON) din cadrul Universit\u0103\u021bii din Belgrad, printr-o delega\u021bie format\u0103 din Alexandra Petcu \u0219i Ioan Chindri\u0219. Vizita a avut ca obiectiv consolidarea rela\u021biilor de colaborare interna\u021bional\u0103 \u0219i identificarea unor noi direc\u021bii de cooperare academic\u0103 \u0219i de inovare. Discu\u021biile purtate cu [&hellip;]<\/p>\n","protected":false,"gt_translate_keys":[{"key":"rendered","format":"html"}]},"author":41,"featured_media":0,"comment_status":"closed","ping_status":"closed","sticky":false,"template":"","format":"standard","meta":{"footnotes":"","_links_to":"","_links_to_target":""},"categories":[163],"tags":[],"class_list":["post-46999","post","type-post","status-publish","format-standard","hentry","category-noutati-citt"],"gt_translate_keys":[{"key":"link","format":"url"}],"_links":{"self":[{"href":"https:\/\/uvt.ro\/cercetare\/wp-json\/wp\/v2\/posts\/46999","targetHints":{"allow":["GET"]}}],"collection":[{"href":"https:\/\/uvt.ro\/cercetare\/wp-json\/wp\/v2\/posts"}],"about":[{"href":"https:\/\/uvt.ro\/cercetare\/wp-json\/wp\/v2\/types\/post"}],"author":[{"embeddable":true,"href":"https:\/\/uvt.ro\/cercetare\/wp-json\/wp\/v2\/users\/41"}],"replies":[{"embeddable":true,"href":"https:\/\/uvt.ro\/cercetare\/wp-json\/wp\/v2\/comments?post=46999"}],"version-history":[{"count":1,"href":"https:\/\/uvt.ro\/cercetare\/wp-json\/wp\/v2\/posts\/46999\/revisions"}],"predecessor-version":[{"id":47001,"href":"https:\/\/uvt.ro\/cercetare\/wp-json\/wp\/v2\/posts\/46999\/revisions\/47001"}],"wp:attachment":[{"href":"https:\/\/uvt.ro\/cercetare\/wp-json\/wp\/v2\/media?parent=46999"}],"wp:term":[{"taxonomy":"category","embeddable":true,"href":"https:\/\/uvt.ro\/cercetare\/wp-json\/wp\/v2\/categories?post=46999"},{"taxonomy":"post_tag","embeddable":true,"href":"https:\/\/uvt.ro\/cercetare\/wp-json\/wp\/v2\/tags?post=46999"}],"curies":[{"name":"wp","href":"https:\/\/api.w.org\/{rel}","templated":true}]}}