{"id":8001,"date":"2023-11-22T06:52:35","date_gmt":"2023-11-22T06:52:35","guid":{"rendered":"https:\/\/uvt.ro\/cercetare\/?p=8001"},"modified":"2023-11-22T06:52:36","modified_gmt":"2023-11-22T06:52:36","slug":"oficiul-european-de-patente-epo-declara-brevetul-privind-mrna-al-moderna-drept-invalid","status":"publish","type":"post","link":"https:\/\/uvt.ro\/cercetare\/2023\/11\/oficiul-european-de-patente-epo-declara-brevetul-privind-mrna-al-moderna-drept-invalid\/","title":{"rendered":"Oficiul European de Patente (EPO) declar\u0103 brevetul privind mRNA al Moderna drept invalid","gt_translate_keys":[{"key":"rendered","format":"text"}]},"content":{"rendered":"\n<p>Oficiul European de Patente a declarat invalid un brevet contestat al ARNm de\u021binut de Moderna (MRNA.O), a anun\u021bat biroul mar\u021bi, oferind astfel o victorie BioNTech (22UAy.DE) \u0219i partenerului s\u0103u Pfizer (PFE.N) \u00eentr-un conflict de brevete dintre cei doi produc\u0103tori de vaccinuri \u00eempotriva coronavirusului.<\/p>\n\n\n\n<p>Moderna a declarat \u00eentr-un comunicat c\u0103 nu este de acord cu decizia biroului \u0219i va apela decizia EPO.<\/p>\n\n\n\n<p>Ac\u021biunile Moderna au sc\u0103zut cu 2,3% \u00een tranzac\u021biile pre-burs\u0103 de pe Wall Street dup\u0103 ce decizia a fost anun\u021bat\u0103 mai devreme \u00een acea zi de BioNTech.<\/p>\n\n\n\n<p>BioNTech a salutat decizia, numind decizia biroului de patente &#8220;una important\u0103, deoarece credem c\u0103 acest brevet \u0219i altele ale Moderna nu \u00eendeplinesc cerin\u021bele pentru acordare \u0219i nu ar fi trebuit niciodat\u0103 acordate.&#8221;<\/p>\n\n\n\n<p>Sursa: <a href=\"https:\/\/www.reuters.com\/business\/healthcare-pharmaceuticals\/biontech-says-european-patent-office-has-declared-moderna-patent-invalid-2023-11-21\/\" target=\"_blank\" rel=\"noopener\">https:\/\/www.reuters.com\/business\/healthcare-pharmaceuticals\/biontech-says-european-patent-office-has-declared-moderna-patent-invalid-2023-11-21\/<\/a><\/p>\n","protected":false,"gt_translate_keys":[{"key":"rendered","format":"html"}]},"excerpt":{"rendered":"<p>Oficiul European de Patente a declarat invalid un brevet contestat al ARNm de\u021binut de Moderna (MRNA.O), a anun\u021bat biroul mar\u021bi, oferind astfel o victorie BioNTech (22UAy.DE) \u0219i partenerului s\u0103u Pfizer (PFE.N) \u00eentr-un conflict de brevete dintre cei doi produc\u0103tori de vaccinuri \u00eempotriva coronavirusului. Moderna a declarat \u00eentr-un comunicat c\u0103 nu este de acord cu decizia [&hellip;]<\/p>\n","protected":false,"gt_translate_keys":[{"key":"rendered","format":"html"}]},"author":41,"featured_media":0,"comment_status":"open","ping_status":"open","sticky":false,"template":"","format":"standard","meta":{"footnotes":"","_links_to":"","_links_to_target":""},"categories":[162],"tags":[],"class_list":["post-8001","post","type-post","status-publish","format-standard","hentry","category-newsletter-ip"],"gt_translate_keys":[{"key":"link","format":"url"}],"_links":{"self":[{"href":"https:\/\/uvt.ro\/cercetare\/wp-json\/wp\/v2\/posts\/8001","targetHints":{"allow":["GET"]}}],"collection":[{"href":"https:\/\/uvt.ro\/cercetare\/wp-json\/wp\/v2\/posts"}],"about":[{"href":"https:\/\/uvt.ro\/cercetare\/wp-json\/wp\/v2\/types\/post"}],"author":[{"embeddable":true,"href":"https:\/\/uvt.ro\/cercetare\/wp-json\/wp\/v2\/users\/41"}],"replies":[{"embeddable":true,"href":"https:\/\/uvt.ro\/cercetare\/wp-json\/wp\/v2\/comments?post=8001"}],"version-history":[{"count":1,"href":"https:\/\/uvt.ro\/cercetare\/wp-json\/wp\/v2\/posts\/8001\/revisions"}],"predecessor-version":[{"id":8002,"href":"https:\/\/uvt.ro\/cercetare\/wp-json\/wp\/v2\/posts\/8001\/revisions\/8002"}],"wp:attachment":[{"href":"https:\/\/uvt.ro\/cercetare\/wp-json\/wp\/v2\/media?parent=8001"}],"wp:term":[{"taxonomy":"category","embeddable":true,"href":"https:\/\/uvt.ro\/cercetare\/wp-json\/wp\/v2\/categories?post=8001"},{"taxonomy":"post_tag","embeddable":true,"href":"https:\/\/uvt.ro\/cercetare\/wp-json\/wp\/v2\/tags?post=8001"}],"curies":[{"name":"wp","href":"https:\/\/api.w.org\/{rel}","templated":true}]}}