{"id":8883,"date":"2024-03-12T13:22:40","date_gmt":"2024-03-12T13:22:40","guid":{"rendered":"https:\/\/uvt.ro\/cercetare\/?p=8883"},"modified":"2024-03-12T13:22:40","modified_gmt":"2024-03-12T13:22:40","slug":"comisia-europeana-publica-noi-coduri-de-practica-pentru-co-crearea-intre-industrie-si-mediul-academic-cu-scopul-valorificarii-cunostintelor-si-al-implicarii-societatii-civile","status":"publish","type":"post","link":"https:\/\/uvt.ro\/cercetare\/2024\/03\/comisia-europeana-publica-noi-coduri-de-practica-pentru-co-crearea-intre-industrie-si-mediul-academic-cu-scopul-valorificarii-cunostintelor-si-al-implicarii-societatii-civile\/","title":{"rendered":"Comisia European\u0103 public\u0103 noi Coduri de practic\u0103 pentru co-crearea \u00eentre industrie \u0219i mediul academic cu scopul valorific\u0103rii cuno\u0219tin\u021belor \u0219i al implic\u0103rii societ\u0103\u021bii civile","gt_translate_keys":[{"key":"rendered","format":"text"}]},"content":{"rendered":"\n<p>La 5 martie, Comisia a publicat dou\u0103 recomand\u0103ri privind un cod de practic\u0103 privind co-crearea \u00een industrie- mediul academic \u0219i implicarea cet\u0103\u021benilor pentru valorificarea cuno\u0219tin\u021belor. Aceste coduri ofer\u0103 \u00eendrum\u0103ri cercet\u0103torilor \u0219i inovatorilor, permi\u021b\u00e2ndu-le s\u0103 colaboreze activ cu diverse p\u0103r\u021bi interesate pentru a genera \u0219i exploata \u00een mod colectiv cuno\u0219tin\u021be pentru progresul economic \u0219i social. <\/p>\n\n\n\n<p>Codul de practic\u0103 ofer\u0103 \u00eendrum\u0103ri practice menite s\u0103 stabileasc\u0103 parteneriate fructuoase pentru valorificarea cuno\u0219tin\u021belor. Acesta pledeaz\u0103 pentru integrarea principiilor de co-creare \u00een strategia unei organiza\u021bii \u0219i subliniaz\u0103 importan\u021ba investi\u021biei \u00een competen\u021be, crearea de re\u021bele, comunicare \u0219i ini\u021biative de cre\u0219tere a gradului de con\u0219tientizare. \u00cen plus, codul subliniaz\u0103 importan\u021ba cre\u0103rii de stimulente \u0219i a sporirii rolului intermediarilor \u0219i al infrastructurilor comune pentru a facilita traducerea rezultatelor cercet\u0103rii \u00een aplica\u021bii de afaceri viabile. <\/p>\n\n\n\n<p>De asemenea, ofer\u0103 \u00eendrum\u0103ri practice menite s\u0103 \u00eembun\u0103t\u0103\u021beasc\u0103 conexiunile dintre entit\u0103\u021bile de cercetare \u0219i actorii societ\u0103\u021bi pentru a \u00eembun\u0103t\u0103\u021bi adoptarea rezultatelor cercet\u0103rii. Se subliniaz\u0103 importan\u021ba adopt\u0103rii unei abord\u0103ri strategice la nivel organiza\u021bional, care s\u0103 promoveze colaborarea intersectorial\u0103, eforturile de con\u0219tientizare \u0219i consolidarea intermediarilor. \u00cen plus, codul sugereaz\u0103 utilizarea de stimulente, instrumente de co-creare \u0219i solu\u021bii digitale cu o abordare de proiectare durabil\u0103 \u0219i centrat\u0103 pe om pentru a facilita implicarea semnificativ\u0103 \u0219i diseminarea cuno\u0219tin\u021belor.<\/p>\n\n\n\n<p><\/p>\n\n\n\n<figure class=\"wp-block-image size-full\"><img decoding=\"async\" width=\"20\" height=\"20\" data-src=\"https:\/\/uvt.ro\/wp-content\/uploads\/sites\/2\/2024\/03\/image.png\" alt=\"\" class=\"wp-image-8885 lazyload\" src=\"data:image\/svg+xml;base64,PHN2ZyB3aWR0aD0iMSIgaGVpZ2h0PSIxIiB4bWxucz0iaHR0cDovL3d3dy53My5vcmcvMjAwMC9zdmciPjwvc3ZnPg==\" style=\"--smush-placeholder-width: 20px; --smush-placeholder-aspect-ratio: 20\/20;\" \/><\/figure>\n","protected":false,"gt_translate_keys":[{"key":"rendered","format":"html"}]},"excerpt":{"rendered":"<p>La 5 martie, Comisia a publicat dou\u0103 recomand\u0103ri privind un cod de practic\u0103 privind co-crearea \u00een industrie- mediul academic \u0219i implicarea cet\u0103\u021benilor pentru valorificarea cuno\u0219tin\u021belor. Aceste coduri ofer\u0103 \u00eendrum\u0103ri cercet\u0103torilor \u0219i inovatorilor, permi\u021b\u00e2ndu-le s\u0103 colaboreze activ cu diverse p\u0103r\u021bi interesate pentru a genera \u0219i exploata \u00een mod colectiv cuno\u0219tin\u021be pentru progresul economic \u0219i social. Codul [&hellip;]<\/p>\n","protected":false,"gt_translate_keys":[{"key":"rendered","format":"html"}]},"author":41,"featured_media":0,"comment_status":"closed","ping_status":"closed","sticky":false,"template":"","format":"standard","meta":{"footnotes":"","_links_to":"","_links_to_target":""},"categories":[162,73],"tags":[],"class_list":["post-8883","post","type-post","status-publish","format-standard","hentry","category-newsletter-ip","category-newsletter"],"gt_translate_keys":[{"key":"link","format":"url"}],"_links":{"self":[{"href":"https:\/\/uvt.ro\/cercetare\/wp-json\/wp\/v2\/posts\/8883","targetHints":{"allow":["GET"]}}],"collection":[{"href":"https:\/\/uvt.ro\/cercetare\/wp-json\/wp\/v2\/posts"}],"about":[{"href":"https:\/\/uvt.ro\/cercetare\/wp-json\/wp\/v2\/types\/post"}],"author":[{"embeddable":true,"href":"https:\/\/uvt.ro\/cercetare\/wp-json\/wp\/v2\/users\/41"}],"replies":[{"embeddable":true,"href":"https:\/\/uvt.ro\/cercetare\/wp-json\/wp\/v2\/comments?post=8883"}],"version-history":[{"count":1,"href":"https:\/\/uvt.ro\/cercetare\/wp-json\/wp\/v2\/posts\/8883\/revisions"}],"predecessor-version":[{"id":8888,"href":"https:\/\/uvt.ro\/cercetare\/wp-json\/wp\/v2\/posts\/8883\/revisions\/8888"}],"wp:attachment":[{"href":"https:\/\/uvt.ro\/cercetare\/wp-json\/wp\/v2\/media?parent=8883"}],"wp:term":[{"taxonomy":"category","embeddable":true,"href":"https:\/\/uvt.ro\/cercetare\/wp-json\/wp\/v2\/categories?post=8883"},{"taxonomy":"post_tag","embeddable":true,"href":"https:\/\/uvt.ro\/cercetare\/wp-json\/wp\/v2\/tags?post=8883"}],"curies":[{"name":"wp","href":"https:\/\/api.w.org\/{rel}","templated":true}]}}