{"id":43419,"date":"2025-05-23T13:11:01","date_gmt":"2025-05-23T13:11:01","guid":{"rendered":"https:\/\/uvt.ro\/educatie\/?p=43419"},"modified":"2025-05-26T07:59:33","modified_gmt":"2025-05-26T07:59:33","slug":"evaluarea-cadrelor-didactice-de-catre-studenti-semestrul-al-ii-lea-anul-universitar-2024-2025-etapa-2","status":"publish","type":"post","link":"https:\/\/uvt.ro\/educatie\/2025\/05\/evaluarea-cadrelor-didactice-de-catre-studenti-semestrul-al-ii-lea-anul-universitar-2024-2025-etapa-2\/","title":{"rendered":"Evaluarea cadrelor didactice de c\u0103tre studen\u021bi \u2013 semestrul al II-lea \u2013 anul universitar 2024-2025 (etapa 2)","gt_translate_keys":[{"key":"rendered","format":"text"}]},"content":{"rendered":"\t\t<div data-elementor-type=\"wp-post\" data-elementor-id=\"43419\" class=\"elementor elementor-43419\" data-elementor-post-type=\"post\">\n\t\t\t\t\t\t<section class=\"elementor-section elementor-top-section elementor-element elementor-element-2e5182a1 elementor-section-boxed elementor-section-height-default elementor-section-height-default\" data-id=\"2e5182a1\" data-element_type=\"section\" data-e-type=\"section\" data-settings=\"{&quot;jet_parallax_layout_list&quot;:[]}\">\n\t\t\t\t\t\t<div class=\"elementor-container elementor-column-gap-default\">\n\t\t\t\t\t<div class=\"elementor-column elementor-col-100 elementor-top-column elementor-element elementor-element-613893a1\" data-id=\"613893a1\" data-element_type=\"column\" data-e-type=\"column\">\n\t\t\t<div class=\"elementor-widget-wrap elementor-element-populated\">\n\t\t\t\t\t\t<div class=\"elementor-element elementor-element-236500be elementor-widget elementor-widget-text-editor\" data-id=\"236500be\" data-element_type=\"widget\" data-e-type=\"widget\" data-widget_type=\"text-editor.default\">\n\t\t\t\t<div class=\"elementor-widget-container\">\n\t\t\t\t\t\t\t\t\t\n<p>\u00cen conformitate cu\u00a0<a href=\"https:\/\/uvt.ro\/wp-content\/uploads\/sites\/3\/2025\/02\/Metodologie-evaluare-cadre-didactice.pdf\" target=\"_blank\" rel=\"noreferrer noopener\"><strong><em>Metodologia privind desf\u0103\u0219urarea procesului de evaluare a cadrelor didactice de c\u0103tre studen\u021bi la Universitatea de Vest din Timi\u0219oara (UVT)<\/em><\/strong><\/a>, aprobat\u0103 de Senatul universitar, \u00eencep\u00e2nd cu acest an universitar,\u00a0<strong>procesul de evaluare a cadrelor didactice de c\u0103tre studen\u021bi se va desf\u0103\u0219ura \u00een fiecare semestru \u00een 3 etape<\/strong>, astfel:<\/p>\n\n<ul class=\"wp-block-list\">\n<li><strong>prima etap\u0103 de evaluare a avut loc la jum\u0103tatea acestui semestru (\u00een perioada 31 martie &#8211; 13 aprilie, pentru studen\u021bii din anii de studii terminali, respectiv 7-27 aprilie, pentru studen\u021bii din anii de studii neterminali) \u0219i a vizat activitatea didactic\u0103 desf\u0103\u0219urat\u0103 \u00een prima jum\u0103tate a semestrului<\/strong>, iar rezultatele au fost puse la dispozi\u021bia cadrelor didactice pe platforma <a href=\"https:\/\/prezenta.uvt.ro\/commons\"><strong>evaluare.uvt.ro<\/strong><\/a> imediat dup\u0103 \u00eencheierea perioadei de evaluare (\u00een data de 14 aprilie, respectiv 28 aprilie 2025), sub forma unui raport general care con\u021bine media notelor ob\u021binute la fiecare \u00eentrebare \u00een urma evalu\u0103rilor studen\u021bilor \u0219i r\u0103spunsurile la \u00eentreb\u0103rile deschise;<\/li>\n<\/ul>\n\n<ul class=\"wp-block-list\">\n<li><strong>a doua etap\u0103 de evaluare se desf\u0103\u0219oar\u0103 la sf\u00e2r\u0219itul semestrului, \u00een perioada 26 mai \u2013 6 iunie 2025,<\/strong> <strong>viz\u00e2nd activitatea didactic\u0103 derulat\u0103 \u00een \u00eentreg semestrul<\/strong>, iar rezultatele vor fi puse la dispozi\u021bia cadrelor didactice pe platforma <a href=\"https:\/\/prezenta.uvt.ro\/commons\"><strong>evaluare.uvt.ro<\/strong><\/a> dup\u0103 finalizarea sesiunii C de examene \u0219i expirarea termenului de trecere a notelor \u00een catalogul electronic \u0219i \u00eencheierea celei de-a treia etape de evaluare, la \u00eenceputul lunii august;<\/li>\n<\/ul>\n\n<ul class=\"wp-block-list\">\n<li><strong>a treia etap\u0103 de evaluare se va desf\u0103\u0219ura dup\u0103 \u00eencheierea sesiunii B aferente fiec\u0103rui semestru, viz\u00e2nd modalitatea \u00een care s-a derulat evaluarea felului \u00een care rezultatele \u00eenv\u0103\u021b\u0103rii au fost dob\u00e2ndite de studen\u021bi pe \u00eentreg parcursul semestrului \u0219i \u00een sesiunea de examene<\/strong>, iar rezultatele vor fi puse la dispozi\u021bia cadrelor didactice dup\u0103 finalizarea sesiunii C de examene \u0219i expirarea termenului de trecere a notelor \u00een catalogul electronic \u0219i \u00eencheierea celei de-a treia etape de evaluare, la \u00eenceputul lunii august.\u00a0<\/li>\n<\/ul>\n\n<p><strong>Evaluarea cadrelor didactice de c\u0103tre studen\u021bi se va realiza prin intermediul platformei<\/strong><a href=\"http:\/\/evaluare.uvt.ro\/\"><strong>\u00a0evaluare.uvt.ro<\/strong><\/a><strong>, studen\u021bii conect\u00e2ndu-se cu datele contului lor institu\u021bional @<\/strong><a href=\"http:\/\/e-uvt.ro\/\"><strong>e-uvt.ro<\/strong><\/a><strong>.<\/strong><\/p>\n\n<p>P\u00e2n\u0103 \u00een data de\u00a0<strong>6 iunie 2025<\/strong>,\u00a0ave\u021bi ocazia s\u0103 evalua\u021bi toate\u00a0<strong>cadrele didactice cu care a\u021bi colaborat \u00een al doilea semestru din acest an universitar la activit\u0103\u021bile didactice (cursuri, seminare sau laboratoare)<\/strong>.\u00a0Pentru etapa a doua, platforma de evaluare se va \u00eenchide \u00een diminea\u021ba zilei de <strong>7 iunie 2025<\/strong>, la <strong>ora 07:50<\/strong>.<\/p>\n\n<p>Chiar dac\u0103 pe platform\u0103 studen\u021bii se autentific\u0103 cu adresa de e-mail \u0219i parola lor,<strong>\u00a0evaluarea cadrelor didactice de c\u0103tre studen\u021bi este 100% anonim\u0103<\/strong>, r\u0103spunsurile fiind criptate \u00een a\u0219a fel \u00eenc\u00e2t s\u0103 nu poat\u0103 fi identifica\u021bi autorii, astfel \u00eencuraj\u0103m studen\u021bii s\u0103 r\u0103spund\u0103 c\u00e2t mai sincer tuturor \u00eentreb\u0103rilor din chestionar.<\/p>\n\n<p><strong>Pa\u0219ii de utilizare a platformei sunt disponibili \u00een<\/strong><a href=\"https:\/\/www.uvt.ro\/wp-content\/uploads\/sites\/3\/2024\/05\/Ghid-completare-platforma.pdf\"><strong>\u00a0<\/strong><strong>ACEST GHID<\/strong><\/a><strong>.<\/strong><\/p>\n\n<p><strong>Pentru fiecare activitate didactic\u0103 la care particip\u0103 \u00een acest semestru, studen\u021bii au de completat un singur chestionar de feedback, care con\u021bine 10 \u00eentreb\u0103ri \u00eenchise \u0219i 3 \u00eentreb\u0103ri deschise \u2013\u00a0 2 obligatorii \u0219i una op\u021bional\u0103<\/strong>. \u00cen cazul chestionarului aplicat la finalul fiec\u0103rui semestru, \u00een etapa a doua de evaluare, exist\u0103 <strong>o \u00eentrebare suplimentar\u0103 care se adreseaz\u0103 doar acelor studen\u021bi care au r\u0103spuns la chestionarul de evaluare aferent respectivei discipline \u0219i \u00een etapa I a procesului de evaluare, la jum\u0103tatea semestrului, prin care dorim s\u0103 afl\u0103m dac\u0103 feedbackul transmis de studen\u021bi a produs un impact \u00een activitatea didactic\u0103 desf\u0103\u0219urat\u0103 de cadrul didactic \u00een a doua parte a semestrului.<\/strong><\/p>\n\n<p>Procesul de evaluare r\u0103m\u00e2ne unul complex, pentru a putea colecta un feedback aprofundat din partea studen\u021bilor, precum \u0219i pentru a ne asigura c\u0103 acesta are un impact relevant chiar \u00eencep\u00e2nd cu semestrul \u00een curs, astfel c\u0103 avem rug\u0103mintea de a aloca timpul necesar pentru a parcurge toate chestionarele\u00a0<strong><em>\u00een mod responsabil<\/em><\/strong><em>.\u00a0<\/em><strong>Fiecare chestionar de evaluare pentru o activitate didactic\u0103 poate fi completat distinct, nefiind nevoie s\u0103 completa\u021bi toate chestionarele disponibile pe platform\u0103 deodat\u0103, ci put\u00e2nd efectua aceast\u0103 activitate etapizat, timp de mai multe zile.<\/strong><\/p>\n\n<p><strong>Scopul evalu\u0103rii cadrelor didactice de c\u0103tre studen\u021bi\u00a0<\/strong>este de a colecta opiniile \u0219i feedbackul studen\u021bilor cu privire la procesul educa\u021bional pe care \u00eel parcurg \u00een acest semestru, \u00een vederea \u00eembun\u0103t\u0103\u021birii activit\u0103\u021bii cadrelor didactice \u0219i a serviciilor educa\u021bionale oferite de Universitatea de Vest din Timi\u0219oara.<\/p>\n\n<p><strong>Toate cadrele didactice au obliga\u021bia de a aloca 10 minute \u00een cadrul tuturor activit\u0103\u021bilor didactice pe care le desf\u0103\u0219oar\u0103 \u00een perioada \u00een care platforma de evaluare este deschis\u0103, pentru completarea de c\u0103tre studen\u021bi a chestionarelor online de evaluare pentru respectiva disciplin\u0103.\u00a0<\/strong>Cadrele didactice nu pot interfera sau influen\u021ba procesul de evaluare.<\/p>\n\n<p>Pentru a oferi un r\u0103spuns tuturor \u00eentreb\u0103rilor studen\u021bilor cu privire la procesul de evaluare a cadrelor didactice, am preg\u0103tit un document cu cele mai frecvente \u00eentreb\u0103ri cu privire la acest proces, care poate fi accesat la\u00a0<a href=\"https:\/\/uvt.ro\/wp-content\/uploads\/sites\/3\/2024\/05\/FAQ-evaluarea-cadrelor-didactice.pdf\"><strong>acest link<\/strong><\/a>.<\/p>\n\n<p>\u00cen cazul \u00een care \u00eent\u00e2mpin\u0103 dificult\u0103\u021bi \u00een procesul de evaluare sau identific\u0103 neconcordan\u021be cu privire la chestionarele disponibile, rug\u0103m studen\u021bii s\u0103 ne transmit\u0103 acest lucru printr-un e-mail la adresa\u00a0<strong>edu@e-uvt.ro<\/strong>, \u00eenso\u021bit de capturi de ecran cu eventualele erori.<\/p>\n\n<p>Mai multe detalii privind fundamentul \u0219tiin\u021bific al acestui demers, precum \u0219i utilitatea sa. pute\u021bi g\u0103si \u00een\u00a0<em>Buletinul informativ<\/em>\u00a0elaborat de Centrul de Dezvoltare Academic\u0103 al UVT, disponibil\u00a0<a href=\"https:\/\/cda.uvt.ro\/wp-content\/uploads\/2024\/11\/Newsletter-CDA-11_compressed.pdf\"><strong>AICI<\/strong><\/a>.<\/p>\n\n<p><strong>\u00cencuraj\u0103m studen\u021bii s\u0103 efectueze evalu\u0103ri complete \u0219i c\u00e2t mai detaliate pentru toate activit\u0103\u021bile didactice la care particip\u0103 \u00een acest semestru, asigur\u00e2ndu-i de confiden\u021bialitatea informa\u021biilor transmise! Doar colect\u00e2nd opiniile studen\u021bilor \u0219i colabor\u00e2nd vom putea \u00eembun\u0103t\u0103\u021bi calitatea procesului educa\u021bional din UVT!<\/strong><\/p>\n\t\t\t\t\t\t\t\t<\/div>\n\t\t\t\t<\/div>\n\t\t\t\t\t<\/div>\n\t\t<\/div>\n\t\t\t\t\t<\/div>\n\t\t<\/section>\n\t\t\t\t<\/div>\n\t\t","protected":false,"gt_translate_keys":[{"key":"rendered","format":"html"}]},"excerpt":{"rendered":"<p>\u00cen conformitate cu\u00a0Metodologia privind desf\u0103\u0219urarea procesului de evaluare a cadrelor didactice de c\u0103tre studen\u021bi la Universitatea de Vest din Timi\u0219oara (UVT), aprobat\u0103 de Senatul universitar, \u00eencep\u00e2nd cu acest an universitar,\u00a0procesul de evaluare a cadrelor didactice de c\u0103tre studen\u021bi se va desf\u0103\u0219ura \u00een fiecare semestru \u00een 3 etape, astfel: Evaluarea cadrelor didactice de c\u0103tre studen\u021bi se [&hellip;]<\/p>\n","protected":false,"gt_translate_keys":[{"key":"rendered","format":"html"}]},"author":19,"featured_media":43422,"comment_status":"open","ping_status":"open","sticky":false,"template":"","format":"standard","meta":{"footnotes":"","_links_to":"","_links_to_target":""},"categories":[17],"tags":[],"class_list":["post-43419","post","type-post","status-publish","format-standard","has-post-thumbnail","hentry","category-infocentru"],"gt_translate_keys":[{"key":"link","format":"url"}],"_links":{"self":[{"href":"https:\/\/uvt.ro\/educatie\/wp-json\/wp\/v2\/posts\/43419","targetHints":{"allow":["GET"]}}],"collection":[{"href":"https:\/\/uvt.ro\/educatie\/wp-json\/wp\/v2\/posts"}],"about":[{"href":"https:\/\/uvt.ro\/educatie\/wp-json\/wp\/v2\/types\/post"}],"author":[{"embeddable":true,"href":"https:\/\/uvt.ro\/educatie\/wp-json\/wp\/v2\/users\/19"}],"replies":[{"embeddable":true,"href":"https:\/\/uvt.ro\/educatie\/wp-json\/wp\/v2\/comments?post=43419"}],"version-history":[{"count":9,"href":"https:\/\/uvt.ro\/educatie\/wp-json\/wp\/v2\/posts\/43419\/revisions"}],"predecessor-version":[{"id":43431,"href":"https:\/\/uvt.ro\/educatie\/wp-json\/wp\/v2\/posts\/43419\/revisions\/43431"}],"wp:featuredmedia":[{"embeddable":true,"href":"https:\/\/uvt.ro\/educatie\/wp-json\/wp\/v2\/media\/43422"}],"wp:attachment":[{"href":"https:\/\/uvt.ro\/educatie\/wp-json\/wp\/v2\/media?parent=43419"}],"wp:term":[{"taxonomy":"category","embeddable":true,"href":"https:\/\/uvt.ro\/educatie\/wp-json\/wp\/v2\/categories?post=43419"},{"taxonomy":"post_tag","embeddable":true,"href":"https:\/\/uvt.ro\/educatie\/wp-json\/wp\/v2\/tags?post=43419"}],"curies":[{"name":"wp","href":"https:\/\/api.w.org\/{rel}","templated":true}]}}