{"id":1019,"date":"2022-12-22T07:38:09","date_gmt":"2022-12-22T07:38:09","guid":{"rendered":"https:\/\/uvt.ro\/unita\/?p=1019"},"modified":"2022-12-29T07:44:25","modified_gmt":"2022-12-29T07:44:25","slug":"cafenea-lingvistica-unita-cu-aroma-de-vacanta-la-uvt","status":"publish","type":"post","link":"https:\/\/uvt.ro\/unita\/cafenea-lingvistica-unita-cu-aroma-de-vacanta-la-uvt\/","title":{"rendered":"Cafenea lingvistic\u0103 UNITA cu arom\u0103 de\u2026 vacan\u0163\u0103 la UVT"},"content":{"rendered":"\t\t<div data-elementor-type=\"wp-post\" data-elementor-id=\"1019\" class=\"elementor elementor-1019\" data-elementor-post-type=\"post\">\n\t\t\t\t\t\t<section class=\"elementor-section elementor-top-section elementor-element elementor-element-6e7d03c0 elementor-section-boxed elementor-section-height-default elementor-section-height-default\" data-id=\"6e7d03c0\" data-element_type=\"section\" data-settings=\"{&quot;jet_parallax_layout_list&quot;:[{&quot;jet_parallax_layout_image&quot;:{&quot;url&quot;:&quot;&quot;,&quot;id&quot;:&quot;&quot;,&quot;size&quot;:&quot;&quot;},&quot;_id&quot;:&quot;e471ee5&quot;,&quot;jet_parallax_layout_image_tablet&quot;:{&quot;url&quot;:&quot;&quot;,&quot;id&quot;:&quot;&quot;,&quot;size&quot;:&quot;&quot;},&quot;jet_parallax_layout_image_mobile&quot;:{&quot;url&quot;:&quot;&quot;,&quot;id&quot;:&quot;&quot;,&quot;size&quot;:&quot;&quot;},&quot;jet_parallax_layout_speed&quot;:{&quot;unit&quot;:&quot;%&quot;,&quot;size&quot;:50,&quot;sizes&quot;:[]},&quot;jet_parallax_layout_type&quot;:&quot;scroll&quot;,&quot;jet_parallax_layout_direction&quot;:&quot;1&quot;,&quot;jet_parallax_layout_fx_direction&quot;:null,&quot;jet_parallax_layout_z_index&quot;:&quot;&quot;,&quot;jet_parallax_layout_bg_x&quot;:50,&quot;jet_parallax_layout_bg_x_tablet&quot;:&quot;&quot;,&quot;jet_parallax_layout_bg_x_mobile&quot;:&quot;&quot;,&quot;jet_parallax_layout_bg_y&quot;:50,&quot;jet_parallax_layout_bg_y_tablet&quot;:&quot;&quot;,&quot;jet_parallax_layout_bg_y_mobile&quot;:&quot;&quot;,&quot;jet_parallax_layout_bg_size&quot;:&quot;auto&quot;,&quot;jet_parallax_layout_bg_size_tablet&quot;:&quot;&quot;,&quot;jet_parallax_layout_bg_size_mobile&quot;:&quot;&quot;,&quot;jet_parallax_layout_animation_prop&quot;:&quot;transform&quot;,&quot;jet_parallax_layout_on&quot;:[&quot;desktop&quot;,&quot;tablet&quot;]}]}\">\n\t\t\t\t\t\t<div class=\"elementor-container elementor-column-gap-default\">\n\t\t\t\t\t<div class=\"elementor-column elementor-col-100 elementor-top-column elementor-element elementor-element-690d7cc2\" data-id=\"690d7cc2\" data-element_type=\"column\">\n\t\t\t<div class=\"elementor-widget-wrap elementor-element-populated\">\n\t\t\t\t\t\t<div class=\"elementor-element elementor-element-2954322 elementor-widget elementor-widget-text-editor\" data-id=\"2954322\" data-element_type=\"widget\" data-widget_type=\"text-editor.default\">\n\t\t\t\t<div class=\"elementor-widget-container\">\n\t\t\t\t\t\t\t\t\t<p><\/p>\n<p dir=\"ltr\">Eveniment lunar care a devenit foarte cur\u00e2nd dup\u0103 lansarea proiectului marc\u0103 a UNITA UVT, cafeneaua lingvistic\u0103 ini\u021biaz\u0103 \u0219i exerseaz\u0103 \u00een metoda intercomprehensiunii limbilor romanice variate categorii de public (studen\u021bi, cadre didactice, personal administrativ, parteneri<br \/>socio-profesionali).<\/p>\n<p dir=\"ltr\">La cap\u0103tul anului 2022, \u00een 14 decembrie, vacan\u0163a a fost cuv\u00e2ntul de ordine al celei mai recente Cafenele lingvistice, Despre vacan\u0163\u0103\u2026 \u00eenainte de vacan\u0163\u0103. Dac\u0103 cele mai multe dintre cafenele s-au desf\u0103\u015furat \u00een format online, aceasta s-a bucurat de participarea fizic\u0103 a 30 de studen\u0163i nefilologi, de la diferite facult\u0103\u021bi din cadrul Universit\u0103\u021bii de Vest din Timi\u0219oara.<\/p>\n<p dir=\"ltr\">Gazde primitoare, pre\u0163 de o or\u0103 \u015fi jum\u0103tate, au fost Mirela Boncea \u0219i Ramona Mali\u0163a, care le-au propus studen\u0163ilor, ca de fiecare dat\u0103, un format dinamic, pe baza unor materiale selec\u0163ionate spre a eviden\u021bia pregnant tematica. Folosind principiile \u0219i strategiile intercomprehensiunii, exerci\u021biile interactive, descifrarea unor scurte fragmente de text, exemplific\u0103ri \u0219i scurte analize semantice, precum \u015fi lectura unor texte \u00een limbile francez\u0103, italian\u0103, spaniol\u0103 \u015fi portughez\u0103, completate cu secven\u0163e audio-video, au fost activit\u0103\u0163ile pe care organizatoarele au construit cele dou\u0103 paliere ale cafenelei lingvistice: vacan\u0163a la munte \u0219i vacan\u0163a la mare.<\/p>\n<p><\/p>\t\t\t\t\t\t\t\t<\/div>\n\t\t\t\t<\/div>\n\t\t\t\t\t<\/div>\n\t\t<\/div>\n\t\t\t\t\t<\/div>\n\t\t<\/section>\n\t\t\t\t<section class=\"elementor-section elementor-top-section elementor-element elementor-element-a7f59dc elementor-section-boxed elementor-section-height-default elementor-section-height-default\" data-id=\"a7f59dc\" data-element_type=\"section\" data-settings=\"{&quot;jet_parallax_layout_list&quot;:[{&quot;jet_parallax_layout_image&quot;:{&quot;url&quot;:&quot;&quot;,&quot;id&quot;:&quot;&quot;,&quot;size&quot;:&quot;&quot;},&quot;_id&quot;:&quot;7365d71&quot;,&quot;jet_parallax_layout_image_tablet&quot;:{&quot;url&quot;:&quot;&quot;,&quot;id&quot;:&quot;&quot;,&quot;size&quot;:&quot;&quot;},&quot;jet_parallax_layout_image_mobile&quot;:{&quot;url&quot;:&quot;&quot;,&quot;id&quot;:&quot;&quot;,&quot;size&quot;:&quot;&quot;},&quot;jet_parallax_layout_speed&quot;:{&quot;unit&quot;:&quot;%&quot;,&quot;size&quot;:50,&quot;sizes&quot;:[]},&quot;jet_parallax_layout_type&quot;:&quot;scroll&quot;,&quot;jet_parallax_layout_direction&quot;:&quot;1&quot;,&quot;jet_parallax_layout_fx_direction&quot;:null,&quot;jet_parallax_layout_z_index&quot;:&quot;&quot;,&quot;jet_parallax_layout_bg_x&quot;:50,&quot;jet_parallax_layout_bg_x_tablet&quot;:&quot;&quot;,&quot;jet_parallax_layout_bg_x_mobile&quot;:&quot;&quot;,&quot;jet_parallax_layout_bg_y&quot;:50,&quot;jet_parallax_layout_bg_y_tablet&quot;:&quot;&quot;,&quot;jet_parallax_layout_bg_y_mobile&quot;:&quot;&quot;,&quot;jet_parallax_layout_bg_size&quot;:&quot;auto&quot;,&quot;jet_parallax_layout_bg_size_tablet&quot;:&quot;&quot;,&quot;jet_parallax_layout_bg_size_mobile&quot;:&quot;&quot;,&quot;jet_parallax_layout_animation_prop&quot;:&quot;transform&quot;,&quot;jet_parallax_layout_on&quot;:[&quot;desktop&quot;,&quot;tablet&quot;]}]}\">\n\t\t\t\t\t\t<div class=\"elementor-container elementor-column-gap-default\">\n\t\t\t\t\t<div class=\"elementor-column elementor-col-100 elementor-top-column elementor-element elementor-element-c6ccea2\" data-id=\"c6ccea2\" data-element_type=\"column\">\n\t\t\t<div class=\"elementor-widget-wrap elementor-element-populated\">\n\t\t\t\t\t\t<div class=\"elementor-element elementor-element-b935598 elementor-widget elementor-widget-image\" data-id=\"b935598\" data-element_type=\"widget\" data-widget_type=\"image.default\">\n\t\t\t\t<div class=\"elementor-widget-container\">\n\t\t\t\t\t\t\t\t\t\t\t\t\t\t\t<img fetchpriority=\"high\" decoding=\"async\" width=\"768\" height=\"576\" src=\"https:\/\/uvt.ro\/wp-content\/uploads\/sites\/6\/2022\/12\/IMG-20221214-WA0007-768x576.jpg\" class=\"attachment-medium_large size-medium_large wp-image-1026\" alt=\"\" srcset=\"https:\/\/uvt.ro\/wp-content\/uploads\/sites\/6\/2022\/12\/IMG-20221214-WA0007-768x576.jpg 768w, https:\/\/uvt.ro\/wp-content\/uploads\/sites\/6\/2022\/12\/IMG-20221214-WA0007-300x225.jpg 300w, https:\/\/uvt.ro\/wp-content\/uploads\/sites\/6\/2022\/12\/IMG-20221214-WA0007-1024x768.jpg 1024w, https:\/\/uvt.ro\/wp-content\/uploads\/sites\/6\/2022\/12\/IMG-20221214-WA0007-1536x1152.jpg 1536w, https:\/\/uvt.ro\/wp-content\/uploads\/sites\/6\/2022\/12\/IMG-20221214-WA0007-scaled.jpg 1600w\" sizes=\"(max-width: 768px) 100vw, 768px\" \/>\t\t\t\t\t\t\t\t\t\t\t\t\t\t\t<\/div>\n\t\t\t\t<\/div>\n\t\t\t\t\t<\/div>\n\t\t<\/div>\n\t\t\t\t\t<\/div>\n\t\t<\/section>\n\t\t\t\t<\/div>\n\t\t","protected":false},"excerpt":{"rendered":"<p>Eveniment lunar care a devenit foarte cur\u00e2nd dup\u0103 lansarea proiectului marc\u0103 a UNITA UVT, cafeneaua lingvistic\u0103 ini\u021biaz\u0103 \u0219i exerseaz\u0103 \u00een metoda intercomprehensiunii limbilor romanice variate categorii de public (studen\u021bi, cadre didactice, personal administrativ, partenerisocio-profesionali). La cap\u0103tul anului 2022, \u00een 14 decembrie, vacan\u0163a a fost cuv\u00e2ntul de ordine al celei mai recente Cafenele lingvistice, Despre vacan\u0163\u0103\u2026 [&hellip;]<\/p>\n","protected":false},"author":13,"featured_media":1021,"comment_status":"open","ping_status":"open","sticky":false,"template":"","format":"standard","meta":{"footnotes":"","_links_to":"","_links_to_target":""},"categories":[22],"tags":[21],"class_list":["post-1019","post","type-post","status-publish","format-standard","has-post-thumbnail","hentry","category-eveniment","tag-eveniment"],"_links":{"self":[{"href":"https:\/\/uvt.ro\/unita\/wp-json\/wp\/v2\/posts\/1019","targetHints":{"allow":["GET"]}}],"collection":[{"href":"https:\/\/uvt.ro\/unita\/wp-json\/wp\/v2\/posts"}],"about":[{"href":"https:\/\/uvt.ro\/unita\/wp-json\/wp\/v2\/types\/post"}],"author":[{"embeddable":true,"href":"https:\/\/uvt.ro\/unita\/wp-json\/wp\/v2\/users\/13"}],"replies":[{"embeddable":true,"href":"https:\/\/uvt.ro\/unita\/wp-json\/wp\/v2\/comments?post=1019"}],"version-history":[{"count":8,"href":"https:\/\/uvt.ro\/unita\/wp-json\/wp\/v2\/posts\/1019\/revisions"}],"predecessor-version":[{"id":1029,"href":"https:\/\/uvt.ro\/unita\/wp-json\/wp\/v2\/posts\/1019\/revisions\/1029"}],"wp:featuredmedia":[{"embeddable":true,"href":"https:\/\/uvt.ro\/unita\/wp-json\/wp\/v2\/media\/1021"}],"wp:attachment":[{"href":"https:\/\/uvt.ro\/unita\/wp-json\/wp\/v2\/media?parent=1019"}],"wp:term":[{"taxonomy":"category","embeddable":true,"href":"https:\/\/uvt.ro\/unita\/wp-json\/wp\/v2\/categories?post=1019"},{"taxonomy":"post_tag","embeddable":true,"href":"https:\/\/uvt.ro\/unita\/wp-json\/wp\/v2\/tags?post=1019"}],"curies":[{"name":"wp","href":"https:\/\/api.w.org\/{rel}","templated":true}]}}