{"id":1056,"date":"2023-04-14T06:40:44","date_gmt":"2023-04-14T06:40:44","guid":{"rendered":"https:\/\/uvt.ro\/unita\/?p=1056"},"modified":"2023-05-03T10:24:18","modified_gmt":"2023-05-03T10:24:18","slug":"concurs-de-fotografie-unita-impactul-schimbarilor-climatice-asupra-mediului-inconjurator","status":"publish","type":"post","link":"https:\/\/uvt.ro\/unita\/concurs-de-fotografie-unita-impactul-schimbarilor-climatice-asupra-mediului-inconjurator\/","title":{"rendered":"Rezultate concurs de fotografie UNITA:  impactul schimb\u0103rilor climatice asupra mediului \u00eenconjur\u0103tor."},"content":{"rendered":"\t\t<div data-elementor-type=\"wp-post\" data-elementor-id=\"1056\" class=\"elementor elementor-1056\" data-elementor-post-type=\"post\">\n\t\t\t\t\t\t<section class=\"elementor-section elementor-top-section elementor-element elementor-element-6e7d03c0 elementor-section-boxed elementor-section-height-default elementor-section-height-default\" data-id=\"6e7d03c0\" data-element_type=\"section\" data-settings=\"{&quot;jet_parallax_layout_list&quot;:[{&quot;jet_parallax_layout_image&quot;:{&quot;url&quot;:&quot;&quot;,&quot;id&quot;:&quot;&quot;,&quot;size&quot;:&quot;&quot;},&quot;_id&quot;:&quot;e471ee5&quot;,&quot;jet_parallax_layout_image_tablet&quot;:{&quot;url&quot;:&quot;&quot;,&quot;id&quot;:&quot;&quot;,&quot;size&quot;:&quot;&quot;},&quot;jet_parallax_layout_image_mobile&quot;:{&quot;url&quot;:&quot;&quot;,&quot;id&quot;:&quot;&quot;,&quot;size&quot;:&quot;&quot;},&quot;jet_parallax_layout_speed&quot;:{&quot;unit&quot;:&quot;%&quot;,&quot;size&quot;:50,&quot;sizes&quot;:[]},&quot;jet_parallax_layout_type&quot;:&quot;scroll&quot;,&quot;jet_parallax_layout_direction&quot;:&quot;1&quot;,&quot;jet_parallax_layout_fx_direction&quot;:null,&quot;jet_parallax_layout_z_index&quot;:&quot;&quot;,&quot;jet_parallax_layout_bg_x&quot;:50,&quot;jet_parallax_layout_bg_x_tablet&quot;:&quot;&quot;,&quot;jet_parallax_layout_bg_x_mobile&quot;:&quot;&quot;,&quot;jet_parallax_layout_bg_y&quot;:50,&quot;jet_parallax_layout_bg_y_tablet&quot;:&quot;&quot;,&quot;jet_parallax_layout_bg_y_mobile&quot;:&quot;&quot;,&quot;jet_parallax_layout_bg_size&quot;:&quot;auto&quot;,&quot;jet_parallax_layout_bg_size_tablet&quot;:&quot;&quot;,&quot;jet_parallax_layout_bg_size_mobile&quot;:&quot;&quot;,&quot;jet_parallax_layout_animation_prop&quot;:&quot;transform&quot;,&quot;jet_parallax_layout_on&quot;:[&quot;desktop&quot;,&quot;tablet&quot;]}]}\">\n\t\t\t\t\t\t<div class=\"elementor-container elementor-column-gap-default\">\n\t\t\t\t\t<div class=\"elementor-column elementor-col-100 elementor-top-column elementor-element elementor-element-690d7cc2\" data-id=\"690d7cc2\" data-element_type=\"column\">\n\t\t\t<div class=\"elementor-widget-wrap elementor-element-populated\">\n\t\t\t\t\t\t<div class=\"elementor-element elementor-element-2954322 elementor-widget elementor-widget-text-editor\" data-id=\"2954322\" data-element_type=\"widget\" data-widget_type=\"text-editor.default\">\n\t\t\t\t<div class=\"elementor-widget-container\">\n\t\t\t\t\t\t\t\t\t<p><\/p>\n<div style=\"color: #222222; font-family: Arial, Helvetica, sans-serif; font-size: small;\">\n<h5><a href=\"https:\/\/uvt.ro\/wp-content\/uploads\/sites\/6\/2023\/05\/Rezultate-concurs-UNITA-Fotografie-Foaie1.pdf\" target=\"\">Rezultate Concurs UNITA Fotografie<\/a><\/h5>\nAcest concurs de fotografie UNITA ofer\u0103 membrilor s\u0103i (studen\u021bi, personal didactic \u0219i administrativ) posibilitatea de a \u00eemp\u0103rt\u0103\u0219i experien\u021be \u0219i viziuni despre schimb\u0103rile climatice.<br \/><br \/><b>Tema aleas\u0103 pentru concursul de fotografie este impactul schimb\u0103rilor climatice asupra mediului \u00eenconjur\u0103tor.<br \/><\/b><br \/>Scopul acestui concurs este de a fotografia manifest\u0103ri ale impactului schimb\u0103rilor climatice asupra mediului \u00een care tr\u0103im. Candida\u021bii trebuie s\u0103 surprind\u0103 \u00een fotografiile lor esen\u021ba acestui fenomen, reflect\u00e2ndu-se \u00een diferitele sale forme de manifestare \u0219i\/sau ar\u0103t\u00e2nd noile realit\u0103\u021bi care transform\u0103 via\u021ba oamenilor.<br \/><br \/>Trei c\u00e2\u0219tig\u0103tori de la fiecare universitate din cadrul Alian\u021bei vor primi premii \u00een bani.<br \/><br \/><br \/>Ce mai a\u0219tepta\u021bi? Trimite\u021bi fotografiile p\u00e2n\u0103 la 28 aprilie 2023.<br \/><br \/><a href=\"https:\/\/uvt.ro\/wp-content\/uploads\/sites\/6\/2023\/04\/Instructiuni-ACTUALIZATE-premii-UNITA-si-Anexe.docx-Documente-Google.pdf\" target=\"\">Regulamentul concursului<\/a><\/div>\n<div>\u00a0<\/div>\n<h5>\u00a0<\/h5>\n<p><\/p>\t\t\t\t\t\t\t\t<\/div>\n\t\t\t\t<\/div>\n\t\t\t\t\t<\/div>\n\t\t<\/div>\n\t\t\t\t\t<\/div>\n\t\t<\/section>\n\t\t\t\t<section class=\"elementor-section elementor-top-section elementor-element elementor-element-a7f59dc elementor-section-boxed elementor-section-height-default elementor-section-height-default\" data-id=\"a7f59dc\" data-element_type=\"section\" data-settings=\"{&quot;jet_parallax_layout_list&quot;:[{&quot;jet_parallax_layout_image&quot;:{&quot;url&quot;:&quot;&quot;,&quot;id&quot;:&quot;&quot;,&quot;size&quot;:&quot;&quot;},&quot;_id&quot;:&quot;7365d71&quot;,&quot;jet_parallax_layout_image_tablet&quot;:{&quot;url&quot;:&quot;&quot;,&quot;id&quot;:&quot;&quot;,&quot;size&quot;:&quot;&quot;},&quot;jet_parallax_layout_image_mobile&quot;:{&quot;url&quot;:&quot;&quot;,&quot;id&quot;:&quot;&quot;,&quot;size&quot;:&quot;&quot;},&quot;jet_parallax_layout_speed&quot;:{&quot;unit&quot;:&quot;%&quot;,&quot;size&quot;:50,&quot;sizes&quot;:[]},&quot;jet_parallax_layout_type&quot;:&quot;scroll&quot;,&quot;jet_parallax_layout_direction&quot;:&quot;1&quot;,&quot;jet_parallax_layout_fx_direction&quot;:null,&quot;jet_parallax_layout_z_index&quot;:&quot;&quot;,&quot;jet_parallax_layout_bg_x&quot;:50,&quot;jet_parallax_layout_bg_x_tablet&quot;:&quot;&quot;,&quot;jet_parallax_layout_bg_x_mobile&quot;:&quot;&quot;,&quot;jet_parallax_layout_bg_y&quot;:50,&quot;jet_parallax_layout_bg_y_tablet&quot;:&quot;&quot;,&quot;jet_parallax_layout_bg_y_mobile&quot;:&quot;&quot;,&quot;jet_parallax_layout_bg_size&quot;:&quot;auto&quot;,&quot;jet_parallax_layout_bg_size_tablet&quot;:&quot;&quot;,&quot;jet_parallax_layout_bg_size_mobile&quot;:&quot;&quot;,&quot;jet_parallax_layout_animation_prop&quot;:&quot;transform&quot;,&quot;jet_parallax_layout_on&quot;:[&quot;desktop&quot;,&quot;tablet&quot;]}]}\">\n\t\t\t\t\t\t<div class=\"elementor-container elementor-column-gap-default\">\n\t\t\t\t\t<div class=\"elementor-column elementor-col-100 elementor-top-column elementor-element elementor-element-c6ccea2\" data-id=\"c6ccea2\" data-element_type=\"column\">\n\t\t\t<div class=\"elementor-widget-wrap elementor-element-populated\">\n\t\t\t\t\t\t<div class=\"elementor-element elementor-element-b935598 elementor-widget elementor-widget-image\" data-id=\"b935598\" data-element_type=\"widget\" data-widget_type=\"image.default\">\n\t\t\t\t<div class=\"elementor-widget-container\">\n\t\t\t\t\t\t\t\t\t\t\t\t\t\t\t<img fetchpriority=\"high\" decoding=\"async\" width=\"768\" height=\"1090\" src=\"https:\/\/uvt.ro\/wp-content\/uploads\/sites\/6\/2023\/04\/cartaz-concurso-foto-final_path-A5-768x1090.jpg\" class=\"attachment-medium_large size-medium_large wp-image-1057\" alt=\"\" srcset=\"https:\/\/uvt.ro\/wp-content\/uploads\/sites\/6\/2023\/04\/cartaz-concurso-foto-final_path-A5-768x1090.jpg 768w, https:\/\/uvt.ro\/wp-content\/uploads\/sites\/6\/2023\/04\/cartaz-concurso-foto-final_path-A5-211x300.jpg 211w, https:\/\/uvt.ro\/wp-content\/uploads\/sites\/6\/2023\/04\/cartaz-concurso-foto-final_path-A5-721x1024.jpg 721w, https:\/\/uvt.ro\/wp-content\/uploads\/sites\/6\/2023\/04\/cartaz-concurso-foto-final_path-A5-1082x1536.jpg 1082w, https:\/\/uvt.ro\/wp-content\/uploads\/sites\/6\/2023\/04\/cartaz-concurso-foto-final_path-A5-1443x2048.jpg 1443w, https:\/\/uvt.ro\/wp-content\/uploads\/sites\/6\/2023\/04\/cartaz-concurso-foto-final_path-A5-scaled.jpg 1127w\" sizes=\"(max-width: 768px) 100vw, 768px\" \/>\t\t\t\t\t\t\t\t\t\t\t\t\t\t\t<\/div>\n\t\t\t\t<\/div>\n\t\t\t\t\t<\/div>\n\t\t<\/div>\n\t\t\t\t\t<\/div>\n\t\t<\/section>\n\t\t\t\t<\/div>\n\t\t","protected":false},"excerpt":{"rendered":"<p>Rezultate Concurs UNITA Fotografie Acest concurs de fotografie UNITA ofer\u0103 membrilor s\u0103i (studen\u021bi, personal didactic \u0219i administrativ) posibilitatea de a \u00eemp\u0103rt\u0103\u0219i experien\u021be \u0219i viziuni despre schimb\u0103rile climatice. Tema aleas\u0103 pentru concursul de fotografie este impactul schimb\u0103rilor climatice asupra mediului \u00eenconjur\u0103tor.Scopul acestui concurs este de a fotografia manifest\u0103ri ale impactului schimb\u0103rilor climatice asupra mediului \u00een care [&hellip;]<\/p>\n","protected":false},"author":13,"featured_media":1059,"comment_status":"open","ping_status":"open","sticky":false,"template":"","format":"standard","meta":{"footnotes":"","_links_to":"","_links_to_target":""},"categories":[22],"tags":[21],"class_list":["post-1056","post","type-post","status-publish","format-standard","has-post-thumbnail","hentry","category-eveniment","tag-eveniment"],"_links":{"self":[{"href":"https:\/\/uvt.ro\/unita\/wp-json\/wp\/v2\/posts\/1056","targetHints":{"allow":["GET"]}}],"collection":[{"href":"https:\/\/uvt.ro\/unita\/wp-json\/wp\/v2\/posts"}],"about":[{"href":"https:\/\/uvt.ro\/unita\/wp-json\/wp\/v2\/types\/post"}],"author":[{"embeddable":true,"href":"https:\/\/uvt.ro\/unita\/wp-json\/wp\/v2\/users\/13"}],"replies":[{"embeddable":true,"href":"https:\/\/uvt.ro\/unita\/wp-json\/wp\/v2\/comments?post=1056"}],"version-history":[{"count":15,"href":"https:\/\/uvt.ro\/unita\/wp-json\/wp\/v2\/posts\/1056\/revisions"}],"predecessor-version":[{"id":1132,"href":"https:\/\/uvt.ro\/unita\/wp-json\/wp\/v2\/posts\/1056\/revisions\/1132"}],"wp:featuredmedia":[{"embeddable":true,"href":"https:\/\/uvt.ro\/unita\/wp-json\/wp\/v2\/media\/1059"}],"wp:attachment":[{"href":"https:\/\/uvt.ro\/unita\/wp-json\/wp\/v2\/media?parent=1056"}],"wp:term":[{"taxonomy":"category","embeddable":true,"href":"https:\/\/uvt.ro\/unita\/wp-json\/wp\/v2\/categories?post=1056"},{"taxonomy":"post_tag","embeddable":true,"href":"https:\/\/uvt.ro\/unita\/wp-json\/wp\/v2\/tags?post=1056"}],"curies":[{"name":"wp","href":"https:\/\/api.w.org\/{rel}","templated":true}]}}