{"id":483,"date":"2021-04-26T07:44:00","date_gmt":"2021-04-26T07:44:00","guid":{"rendered":"https:\/\/uvt.ro\/unita\/?p=483"},"modified":"2021-04-27T07:45:01","modified_gmt":"2021-04-27T07:45:01","slug":"o-absolventa-uvt-doctoranda-unita","status":"publish","type":"post","link":"https:\/\/uvt.ro\/unita\/o-absolventa-uvt-doctoranda-unita\/","title":{"rendered":"O absolvent\u0103 UVT, doctorand\u0103 UNITA"},"content":{"rendered":"\n<p><strong>Doriana TRETA<\/strong>&nbsp;este una dintre cele dou\u0103 doctorande selectate de consor\u021biul UNITA pentru finan\u021barea \u00een cotutel\u0103 a unor teze de doctorat \u00een domenii cheie ale proiectului: cet\u0103\u021benia european\u0103 \u0219i intercomprehensiunea.&nbsp;<\/p>\n\n\n\n<p><strong>Biografie academic\u0103.&nbsp;<\/strong>Doriana este absolvent\u0103 a Facult\u0103\u0163ii de Drept a Universit\u0103\u0163ii de Vest din Timi\u015foara \u2013 studii de licen\u0163\u0103 (2019) \u0219i, de asemenea, a studiilor de masterat \u00een limba englez\u0103&nbsp;<em>European Union Law&nbsp;<\/em>organizate de Facultatea de Drept a UVT (2020). \u00cen timpul anilor petrecu\u021bi \u00een facultate, a participant la&nbsp;<em>\u015ecoala de var\u0103 \u00een drept european<\/em>&nbsp;organizat\u0103 anual de Facultatea de Drept a UVT \u00een parteneriat cu Facultatea de Drept a&nbsp;<em>Universit\u00e0 degli Studi di Udine<\/em>&nbsp;(edi\u0163ia 2017) \u0219i a f\u0103cut parte din echipele cu care facultatea a participat la concursuri interna\u0163ionale de pledoarii (participant\u0103 la runda final\u0103 a&nbsp;<em>European Human Rights Moot Court Competition \u2013&nbsp;<\/em>Strasbourg, 2018; semi-finalist\u0103 a concursului&nbsp;<em>Central and Eastern European Moot Court Competition \u2013&nbsp;<\/em>Sofia, 2017). Doriana a beneficiat de o mobilitate Erasmus pentru studen\u0163i la Facultatea de Drept din Montpellier (decembrie 2017-mai 2018).<\/p>\n\n\n\n<p><strong>Experien\u021ba interviului.&nbsp;<\/strong>Procedura de selec\u0163ie a presupus evaluarea a 9 dosare de candidatur\u0103. Dintre acestea, 8 au fost declarate eligibile, 3 candida\u0163i (unul de la Universitatea de Vest din Timi\u0219oara, unul de la Universitatea din Zaragoza \u015fi unul de la Universitatea din Torino) fiind selecta\u0163i pentru a fi evalua\u0163i \u00een cadrul unui interviu distinct de c\u0103tre o comisie format\u0103 din reprezentan\u0163i ai celor 6 parteneri UNITA. Doriana a fost desemnat\u0103 c\u00e2\u015ftig\u0103toare a procedurii de selec\u0163ie, la finalul unui dialog pe care ea l-a descris ca o experien\u021b\u0103 academic\u0103 minunat\u0103.&nbsp;<\/p>\n\n\n\n<p><strong>Subiectul de cercetare<\/strong><strong>.&nbsp;<\/strong>Subiectul de cercetare al doctoratului Dorianei \u00eel reprezint\u0103 cet\u0103\u021benia european\u0103, mai exact, impactul drepturilor conferite cet\u0103\u021benilor europeni asupra zonelor rurale din Mun\u021bii Pirinei si din Alpii Graici. Depopularea, migra\u021bia transfrontalier\u0103, dar \u0219i redescoperirea poten\u021bialului regiunilor amintite de c\u0103tre o clas\u0103 privilegiat\u0103 reprezint\u0103 realit\u0103\u021bi specifice acestor zone rurale muntoase, iar cet\u0103\u021benia european\u0103 este unghiul de abordare al acestor realit\u0103\u021bi. Subiectul lucr\u0103rii r\u0103spunde apelului programului UNITA de a atrage aten\u021bia asupra poten\u021bialului \u0219i importan\u021bei unor astfel de zone, care fac parte din patrimoniul cultural \u0219i natural al Europei.&nbsp;<\/p>\n\n\n\n<p><strong>Alegerea partenerului UNITA pentru derularea studiilor doctorale.&nbsp;<\/strong>Cei doi parteneri UNITA care supervizeaz\u0103 cercetarea doctoral\u0103 astfel \u00eencadrat\u0103 sunt Universitatea Savoie Mont Blanc \u0219i Universitatea din Zaragoza. Cele dou\u0103 au fost alese deoarece laboratoarele lor de cercetare sunt situate \u00een apropierea locurilor care fac obiectul studiului tezei. Alt factor care a influen\u021bat alegerea celor dou\u0103 prestigioase universit\u0103\u021bi a fost cel lingvistic, lucrarea urm\u00e2nd s\u0103 fie redactat\u0103 \u00eentr-o limb\u0103 apar\u021bin\u00e2nd familie limbilor romanice pe care Doriana o cunoa\u0219te, limba francez\u0103.&nbsp;&nbsp;<\/p>\n\n\n\n<p><strong>Experien\u021ba de doctorand UNITA de p\u00e2n\u0103 acum.&nbsp;<\/strong>P\u00e2n\u0103 acum, Doriana a dezvoltat o colaborare constant\u0103 cu coordonatorii s\u0103i, profesorul de drept privat european de la Universitatea Savoie Mont Blanc, Guillaume Kessler, \u0219i profesorul de drept interna\u021bional public de la Universitatea din Zaragoza, Sergio Salinass. De asemenea, s-a familiarizat cu laboratoarele de cercetare doctoral\u0103 din cele dou\u0103 universit\u0103\u021bi \u0219i a f\u0103cut cuno\u0219tin\u021b\u0103 cu colegii cu care urmeaz\u0103 s\u0103 le \u00eempart\u0103. \u00cen luna mai, dac\u0103 situa\u021bia actual\u0103 se va \u00eembun\u0103t\u0103\u021bi, va avea loc o prim\u0103 \u00eent\u00e2lnire a doctoranzilor \u00eenrola\u021bi la Universitatea Savoie Mont Blanc, \u00een cadrul c\u0103reia Doriana va prezenta o parte a lucr\u0103rii sale.<\/p>\n\n\n\n<p><strong>G\u00e2nduri despre proiectul UNITA \u0219i a\u0219tept\u0103ri.&nbsp;<\/strong>Pentru Doriana, proiectul UNITA reprezint\u0103 situa\u021bia ideal\u0103 \u00een care \u0219i-ar putea aprofunda studiul \u00een drept european. Colaborarea dintre universit\u0103\u021bile partenere \u00eei ofer\u0103 resurse \u0219i posibilit\u0103\u021bi de mobilitate propice unui studiu centrat pe analiza cet\u0103\u021beniei europene \u201e\u00een ac\u021biune\u201d. Speran\u021ba Dorianei este de a reu\u0219i s\u0103 duc\u0103 la bun sf\u00e2r\u0219it o cercetare util\u0103 \u00een \u00een\u021belegerea valorii pe care o are cet\u0103\u021benia european\u0103 \u0219i care s\u0103 poat\u0103 ajuta la \u00een\u021belegerea problemelor contemporane cu care identitatea european\u0103 se confrunt\u0103.<\/p>\n","protected":false},"excerpt":{"rendered":"<p>Doriana TRETA&nbsp;este una dintre cele dou\u0103 doctorande selectate de consor\u021biul UNITA pentru finan\u021barea \u00een cotutel\u0103 a unor teze de doctorat \u00een domenii cheie ale proiectului: cet\u0103\u021benia european\u0103 \u0219i intercomprehensiunea.&nbsp; Biografie academic\u0103.&nbsp;Doriana este absolvent\u0103 a Facult\u0103\u0163ii de Drept a Universit\u0103\u0163ii de Vest din Timi\u015foara \u2013 studii de licen\u0163\u0103 (2019) \u0219i, de asemenea, a studiilor de masterat [&hellip;]<\/p>\n","protected":false},"author":1,"featured_media":475,"comment_status":"open","ping_status":"open","sticky":false,"template":"","format":"standard","meta":{"footnotes":"","_links_to":"","_links_to_target":""},"categories":[10],"tags":[],"class_list":["post-483","post","type-post","status-publish","format-standard","has-post-thumbnail","hentry","category-doctorat"],"_links":{"self":[{"href":"https:\/\/uvt.ro\/unita\/wp-json\/wp\/v2\/posts\/483","targetHints":{"allow":["GET"]}}],"collection":[{"href":"https:\/\/uvt.ro\/unita\/wp-json\/wp\/v2\/posts"}],"about":[{"href":"https:\/\/uvt.ro\/unita\/wp-json\/wp\/v2\/types\/post"}],"author":[{"embeddable":true,"href":"https:\/\/uvt.ro\/unita\/wp-json\/wp\/v2\/users\/1"}],"replies":[{"embeddable":true,"href":"https:\/\/uvt.ro\/unita\/wp-json\/wp\/v2\/comments?post=483"}],"version-history":[{"count":1,"href":"https:\/\/uvt.ro\/unita\/wp-json\/wp\/v2\/posts\/483\/revisions"}],"predecessor-version":[{"id":484,"href":"https:\/\/uvt.ro\/unita\/wp-json\/wp\/v2\/posts\/483\/revisions\/484"}],"wp:featuredmedia":[{"embeddable":true,"href":"https:\/\/uvt.ro\/unita\/wp-json\/wp\/v2\/media\/475"}],"wp:attachment":[{"href":"https:\/\/uvt.ro\/unita\/wp-json\/wp\/v2\/media?parent=483"}],"wp:term":[{"taxonomy":"category","embeddable":true,"href":"https:\/\/uvt.ro\/unita\/wp-json\/wp\/v2\/categories?post=483"},{"taxonomy":"post_tag","embeddable":true,"href":"https:\/\/uvt.ro\/unita\/wp-json\/wp\/v2\/tags?post=483"}],"curies":[{"name":"wp","href":"https:\/\/api.w.org\/{rel}","templated":true}]}}