{"id":499,"date":"2021-04-27T07:58:16","date_gmt":"2021-04-27T07:58:16","guid":{"rendered":"https:\/\/uvt.ro\/unita\/?p=499"},"modified":"2021-04-27T07:59:19","modified_gmt":"2021-04-27T07:59:19","slug":"de-la-aliante-europene-la-retele-nationale-de-universitati-dezvoltare-institutionala-si-cresterea-competitivitatii-prin-cooperare-la-nivel-european-si-romanesc","status":"publish","type":"post","link":"https:\/\/uvt.ro\/unita\/de-la-aliante-europene-la-retele-nationale-de-universitati-dezvoltare-institutionala-si-cresterea-competitivitatii-prin-cooperare-la-nivel-european-si-romanesc\/","title":{"rendered":"De la alian\u0163e europene la re\u0163ele nationale de universit\u0103\u0163i: dezvoltare institu\u0163ional\u0103 \u015fi cre\u015fterea competitivit\u0103\u0163ii prin cooperare la nivel european \u015fi rom\u00e2nesc"},"content":{"rendered":"\n<p>\u00cen cadrul celor dou\u0103 apeluri de selec\u021bie organizate \u00een 2019 \u0219i 2020, sub umbrela ini\u021biativei <strong>Universit\u0103\u021bi Europene<\/strong>, Comisia European\u0103 a identificat 41 de alian\u021be universitare europene ce au propus proiecte vizionare privind dezvoltarea unor cadre inter-institu\u021bionale de cooperare \u0219i ac\u021biuni de colaborare strategic\u0103 \u00een domeniile educa\u021biei \u0219i cercet\u0103rii. \u00cen acest context, nou\u0103 dintre cele zece institu\u021bii de \u00eenv\u0103\u021b\u0103m\u00e2nt superior din Rom\u00e2nia care fac parte din astfel de consor\u021bii au constituit, la finalul anului 2020, o re\u021bea de universit\u0103\u021bi rom\u00e2ne\u0219ticare implementeaz\u0103 proiecte Erasmus+ Universit\u0103\u021bi Europene. Acestea sunt: <strong>Universitatea Tehnic\u0103 de Construc\u021bii din Bucure\u0219ti<\/strong>,<strong> Universitatea din Bucure\u0219ti<\/strong>,<strong> Universitatea \u201eAlexandru Ioan Cuza\u201d Ia\u0219i<\/strong>,<strong> Universitatea de Medicin\u0103 \u0219i Farmacie \u201eIuliu Ha\u021bieganu\u201d din Cluj-Napoca<\/strong>, <strong>Universitatea din Petro\u0219ani<\/strong>,<strong> Universitatea Tehnic\u0103 din Cluj-Napoca<\/strong>,<strong> Universitatea Politehnica Timi\u0219oara<\/strong>,<strong> Universitatea Politehnica din Bucure\u0219ti <\/strong>\u0219i<strong> Universitatea de Vest din Timi\u0219oara<\/strong>. Re\u0163eaua a fost constituit\u0103 la ini\u0163iativa Universit\u0103\u0163ii de Vest din Timi\u015foara, care asigur\u0103 \u015fi coordonarea acesteia.<\/p>\n\n\n\n<p>Scopul acestei re\u021bele este unul dublu:<\/p>\n\n\n\n<ul class=\"wp-block-list\"><li>schimbul de bune practici \u00een implementarea proiectelor Erasmus+ Universit\u0103\u021bi Europene \u00eentre cele nou\u0103 institu\u021bii de \u00eenv\u0103\u021b\u0103m\u00e2nt superior;<\/li><li>formarea unui nucleu reprezentativ de universit\u0103\u021bi rom\u00e2ne\u0219ti ce vor lua parte la definirea viitorului \u00eenv\u0103\u021b\u0103m\u00e2ntului superior european, cu scopul de a utiliza experien\u021bele \u0219i rezultatele activit\u0103\u021bilor din cele nou\u0103 alian\u021be europene \u00een beneficiul tuturor studen\u021bilor \u0219i cadrelor didactice din Rom\u00e2nia prin transfer de bune practici sau contribu\u0163ii la dezvoltarea politicilor publice \u00een domeniu.<\/li><\/ul>\n\n\n\n<p>Av\u00e2nd \u00een vedere importan\u021ba reprezent\u0103rii studen\u021bilor \u00eentr-un astfel de demers, Alian\u021ba Na\u021bional\u0103 a Organiza\u021biilor Studen\u021be\u0219ti din Rom\u00e2nia (ANOSR) a devenit un partener al re\u021belei mai sus men\u021bionate \u00eenc\u0103 din faza ini\u021bial\u0103 a organiz\u0103rii acesteia.<\/p>\n\n\n\n<p>\u00cen urma \u00eent\u00e2lnirilor de lucru organizate \u00een perioada ianuarie-martie 2021 la nivelul re\u021belei s-au identificat trei teme majore de interes pentru toate cele nou\u0103 universit\u0103\u0163i implicate: micro-certific\u0103ri, programele de studiu cu diplom\u0103 comun\u0103 \u015fi mobilit\u0103\u0163ile virtuale. De asemenea, s-a concluzionat c\u0103 implementarea cu succes a activit\u0103\u0163ilor asumate \u00een cadrul consor\u021biilor din care aceste universit\u0103\u021bi fac parte a poate deveni un incubator pentru transferul de bune practici c\u0103tre alte universit\u0103\u021bi din \u0163ar\u0103. <\/p>\n\n\n\n<p>\u00cen acest sens, universit\u0103\u021bile implicate au transmis concluziile grupurilor de lucru pe temele mai sus men\u0163ionate la \u00eenceputul lunii martie \u015fi au lansat o invita\u021bie la dialog urm\u0103toarelor institu\u021bii din Rom\u00e2nia: Ministerul Educa\u021biei (Direc\u0163ia General\u0103 \u020anv\u0103\u0163\u0103m\u00e2nt Universitar, Direc\u0163ia General\u0103 Rela\u0163ii Interna\u0163ionale \u015fi Afaceri Europene, Centrul Na\u0163ional pentru Recunoa\u015fterea \u015fi Echivalarea Diplomelor), Agen\u021bia Rom\u00e2n\u0103 de Asigurare a Calit\u0103\u021bii \u00een \u00cenv\u0103\u021b\u0103m\u00e2ntul Superior, Autoritatea Na\u021bional\u0103 pentru Calific\u0103ri \u0219i Agen\u021bia Na\u021bional\u0103 pentru Programe Comunitare \u00een Domeniul Educa\u021biei \u0219i Form\u0103rii Profesionale \u015fi Departamentul Educa\u0163ie \u015fi Cercetare din cadrul Administra\u0163iei Preziden\u0163iale. <\/p>\n\n\n\n<p>RO European Universities a organizat pe parcursul lunilor martie-aprilie 2021 o serie de mese rotunde virtuale ce au reunit reprezentan\u0163i ai tuturor institu\u0163iilor invitate la dialog, precum \u015fi ai ANOSR, \u00eempreun\u0103 cu cei ai universit\u0103\u0163ilor din re\u0163ea. Cel mai important rezultat al \u00eent\u00e2lnirilor a fost faptul c\u0103 exist\u0103 un acord general referitor la necesitatea unor ac\u0163iuni comune, colaborative, privind provoc\u0103rile \u015fi oportunit\u0103\u0163ile ini\u0163iativei Erasmus+ European Universities pentru cei care implementeaz\u0103 aceste proiecte, \u00een particular, dar \u015fi pentru \u00eentregul sistem de \u00eenv\u0103\u0163\u0103m\u00e2nt superior din Rom\u00e2nia, \u00een general. <\/p>\n\n\n\n<p>Dup\u0103 discu\u0163ii constructive pe cele trei teme abordate, fiecare institu\u0163ie \u015fi-a asumat angajamente ferme \u00een direc\u0163ia dezvolt\u0103rii de ini\u0163iative legislative \u015fi de politici publice care s\u0103 maximizeze oportunit\u0103\u0163ile oferite de Universit\u0103\u0163ile Europene. Iar primele rezultate ale acestui proces se vor putea observa \u00een dezvoltarea legisla\u0163iei privind programele de studiu cu diplom\u0103 comun\u0103, \u00een privin\u0163a c\u0103reia Rom\u00e2nia era deficitar\u0103 \u015fi care reprezint\u0103 o prioritate pentru interna\u0163ionalizarea universit\u0103\u0163ilor. \u00cen acest context, \u00een luna aprilie, grupurile de lucru deja existente la nivelul re\u0163elei RO European Universities vor fi completate cu reprezentan\u0163i din institu\u0163iile centrale, pentru a aprofunda, \u00eempreun\u0103, aceste subiecte \u015fi pentru a avansa \u00een direc\u0163ia obiectivelor pe care ni le-am propus: dezvoltare institu\u0163ional\u0103 \u015fi cre\u015fterea competitivit\u0103\u0163ii prin cooperare \u015fi schimb de bune practici, precum \u015fi generarea unor schimb\u0103ri sistemice \u00een acest context colaborativ.<\/p>\n","protected":false},"excerpt":{"rendered":"<p>\u00cen cadrul celor dou\u0103 apeluri de selec\u021bie organizate \u00een 2019 \u0219i 2020, sub umbrela ini\u021biativei Universit\u0103\u021bi Europene, Comisia European\u0103 a identificat 41 de alian\u021be universitare europene ce au propus proiecte vizionare privind dezvoltarea unor cadre inter-institu\u021bionale de cooperare \u0219i ac\u021biuni de colaborare strategic\u0103 \u00een domeniile educa\u021biei \u0219i cercet\u0103rii. \u00cen acest context, nou\u0103 dintre cele zece [&hellip;]<\/p>\n","protected":false},"author":1,"featured_media":295,"comment_status":"open","ping_status":"open","sticky":false,"template":"","format":"standard","meta":{"footnotes":"","_links_to":"","_links_to_target":""},"categories":[12],"tags":[],"class_list":["post-499","post","type-post","status-publish","format-standard","has-post-thumbnail","hentry","category-parteneriat"],"_links":{"self":[{"href":"https:\/\/uvt.ro\/unita\/wp-json\/wp\/v2\/posts\/499","targetHints":{"allow":["GET"]}}],"collection":[{"href":"https:\/\/uvt.ro\/unita\/wp-json\/wp\/v2\/posts"}],"about":[{"href":"https:\/\/uvt.ro\/unita\/wp-json\/wp\/v2\/types\/post"}],"author":[{"embeddable":true,"href":"https:\/\/uvt.ro\/unita\/wp-json\/wp\/v2\/users\/1"}],"replies":[{"embeddable":true,"href":"https:\/\/uvt.ro\/unita\/wp-json\/wp\/v2\/comments?post=499"}],"version-history":[{"count":1,"href":"https:\/\/uvt.ro\/unita\/wp-json\/wp\/v2\/posts\/499\/revisions"}],"predecessor-version":[{"id":500,"href":"https:\/\/uvt.ro\/unita\/wp-json\/wp\/v2\/posts\/499\/revisions\/500"}],"wp:featuredmedia":[{"embeddable":true,"href":"https:\/\/uvt.ro\/unita\/wp-json\/wp\/v2\/media\/295"}],"wp:attachment":[{"href":"https:\/\/uvt.ro\/unita\/wp-json\/wp\/v2\/media?parent=499"}],"wp:term":[{"taxonomy":"category","embeddable":true,"href":"https:\/\/uvt.ro\/unita\/wp-json\/wp\/v2\/categories?post=499"},{"taxonomy":"post_tag","embeddable":true,"href":"https:\/\/uvt.ro\/unita\/wp-json\/wp\/v2\/tags?post=499"}],"curies":[{"name":"wp","href":"https:\/\/api.w.org\/{rel}","templated":true}]}}