{"id":992,"date":"2022-12-14T13:24:43","date_gmt":"2022-12-14T13:24:43","guid":{"rendered":"https:\/\/uvt.ro\/unita\/?p=992"},"modified":"2022-12-14T13:37:04","modified_gmt":"2022-12-14T13:37:04","slug":"curs-de-intercomprehensiune-pentru-profesori-23-februarie-23-martie-2023","status":"publish","type":"post","link":"https:\/\/uvt.ro\/unita\/curs-de-intercomprehensiune-pentru-profesori-23-februarie-23-martie-2023\/","title":{"rendered":"CURS DE INTERCOMPREHENSIUNE PENTRU PROFESORI (23 februarie- 23 martie 2023)"},"content":{"rendered":"\t\t<div data-elementor-type=\"wp-post\" data-elementor-id=\"992\" class=\"elementor elementor-992\" data-elementor-post-type=\"post\">\n\t\t\t\t\t\t<section class=\"elementor-section elementor-top-section elementor-element elementor-element-6e7d03c0 elementor-section-boxed elementor-section-height-default elementor-section-height-default\" data-id=\"6e7d03c0\" data-element_type=\"section\" data-settings=\"{&quot;jet_parallax_layout_list&quot;:[{&quot;jet_parallax_layout_image&quot;:{&quot;url&quot;:&quot;&quot;,&quot;id&quot;:&quot;&quot;,&quot;size&quot;:&quot;&quot;},&quot;_id&quot;:&quot;e471ee5&quot;,&quot;jet_parallax_layout_image_tablet&quot;:{&quot;url&quot;:&quot;&quot;,&quot;id&quot;:&quot;&quot;,&quot;size&quot;:&quot;&quot;},&quot;jet_parallax_layout_image_mobile&quot;:{&quot;url&quot;:&quot;&quot;,&quot;id&quot;:&quot;&quot;,&quot;size&quot;:&quot;&quot;},&quot;jet_parallax_layout_speed&quot;:{&quot;unit&quot;:&quot;%&quot;,&quot;size&quot;:50,&quot;sizes&quot;:[]},&quot;jet_parallax_layout_type&quot;:&quot;scroll&quot;,&quot;jet_parallax_layout_direction&quot;:&quot;1&quot;,&quot;jet_parallax_layout_fx_direction&quot;:null,&quot;jet_parallax_layout_z_index&quot;:&quot;&quot;,&quot;jet_parallax_layout_bg_x&quot;:50,&quot;jet_parallax_layout_bg_x_tablet&quot;:&quot;&quot;,&quot;jet_parallax_layout_bg_x_mobile&quot;:&quot;&quot;,&quot;jet_parallax_layout_bg_y&quot;:50,&quot;jet_parallax_layout_bg_y_tablet&quot;:&quot;&quot;,&quot;jet_parallax_layout_bg_y_mobile&quot;:&quot;&quot;,&quot;jet_parallax_layout_bg_size&quot;:&quot;auto&quot;,&quot;jet_parallax_layout_bg_size_tablet&quot;:&quot;&quot;,&quot;jet_parallax_layout_bg_size_mobile&quot;:&quot;&quot;,&quot;jet_parallax_layout_animation_prop&quot;:&quot;transform&quot;,&quot;jet_parallax_layout_on&quot;:[&quot;desktop&quot;,&quot;tablet&quot;]}]}\">\n\t\t\t\t\t\t<div class=\"elementor-container elementor-column-gap-default\">\n\t\t\t\t\t<div class=\"elementor-column elementor-col-100 elementor-top-column elementor-element elementor-element-690d7cc2\" data-id=\"690d7cc2\" data-element_type=\"column\">\n\t\t\t<div class=\"elementor-widget-wrap elementor-element-populated\">\n\t\t\t\t\t\t<div class=\"elementor-element elementor-element-2954322 elementor-widget elementor-widget-text-editor\" data-id=\"2954322\" data-element_type=\"widget\" data-widget_type=\"text-editor.default\">\n\t\t\t\t<div class=\"elementor-widget-container\">\n\t\t\t\t\t\t\t\t\t<p><\/p>\n<p style=\"color: #222222; margin-right: 0px; margin-bottom: 20px; margin-left: 0px; letter-spacing: 0.45px; line-height: 1.55em; font-family: 'Roboto Slab', Helvetica, sans-serif; font-size: 18px;\"><span style=\"color: #000000; letter-spacing: 0.45px;\">V\u0103 pute\u021bi \u00eenscrie la Cursul de Intercomprehensiune pentru profesori\u00a0<\/span><b style=\"color: #000000; letter-spacing: 0.45px;\">p\u00e2n\u0103 la data de 15 ianuarie 2023.<\/b><\/p>\n<p style=\"color: #222222; margin-right: 0px; margin-bottom: 20px; margin-left: 0px; letter-spacing: 0.45px; line-height: 1.55em; font-family: 'Roboto Slab', Helvetica, sans-serif; font-size: 18px;\"><span style=\"color: #000000;\">UNITA ofer\u0103 un curs de formare \u00een Intercomprehensiune pentru profesori.\u00a0<\/span><\/p>\n<p style=\"color: #222222; margin-right: 0px; margin-bottom: 20px; margin-left: 0px; letter-spacing: 0.45px; line-height: 1.55em; font-family: 'Roboto Slab', Helvetica, sans-serif; font-size: 18px;\"><span style=\"color: #000000;\">Competen\u021bele dezvoltate \u00een cadrul cursului vizeaz\u0103 predarea conceptului de intercomprehensiune \u00een familia de limbi romanice.\u00a0<\/span><\/p>\n<p style=\"color: #222222; margin-right: 0px; margin-bottom: 20px; margin-left: 0px; letter-spacing: 0.45px; line-height: 1.55em; font-family: 'Roboto Slab', Helvetica, sans-serif; font-size: 18px;\"><span style=\"color: #000000; letter-spacing: 0.45px;\">Participan\u021bilor li se acord\u0103 certificare digital\u0103: Open Badge Training for Intercomprehension Teachers.<\/span><\/p>\n<p style=\"color: #222222; margin-right: 0px; margin-bottom: 20px; margin-left: 0px; letter-spacing: 0.45px; line-height: 1.55em; font-family: 'Roboto Slab', Helvetica, sans-serif; font-size: 18px;\"><span style=\"color: #000000;\"><span style=\"font-weight: bold;\">Informa\u021bii \u0219i \u00eenscriere aici:\u00a0<\/span><a style=\"color: #1155cc; font-family: Arial, Helvetica, sans-serif; font-size: small; letter-spacing: normal;\" href=\"https:\/\/framaforms.org\/inscription-a-la-formation-intercomprensione-per-docenti-1669291724\" target=\"_blank\" rel=\"noopener\" data-saferedirecturl=\"https:\/\/www.google.com\/url?q=https:\/\/framaforms.org\/inscription-a-la-formation-intercomprensione-per-docenti-1669291724&amp;source=gmail&amp;ust=1671102813200000&amp;usg=AOvVaw1K_cnmqsKVTzs7ekxAAfL-\">Inscription \u00e0 la formation &#8220;Intercomprensione per docenti&#8221; | Framaforms.org<\/a><\/span><\/p>\n<p style=\"color: #222222; margin-right: 0px; margin-bottom: 20px; margin-left: 0px; letter-spacing: 0.45px; line-height: 1.55em; font-family: 'Roboto Slab', Helvetica, sans-serif; font-size: 18px;\"><b><i><span style=\"font-family: Arial, Helvetica, sans-serif; font-size: small; letter-spacing: normal;\">Pentru \u00eentreb\u0103ri suplimentare v\u0103 rug\u0103m s\u0103 o contacta\u021bi\u00a0\u00a0pe prof. Elisa Corino:\u00a0<a style=\"color: #1155cc;\" href=\"mailto:elisa.corino@unito.it\" target=\"_blank\" rel=\"noopener\">elisa.corino@unito.it<\/a>\u00a0\u00a0<\/span><\/i><\/b><\/p>\n<p style=\"color: #222222; margin-right: 0px; margin-bottom: 20px; margin-left: 0px; letter-spacing: 0.45px; line-height: 1.55em; font-family: 'Roboto Slab', Helvetica, sans-serif; font-size: 18px;\"><b><i><span style=\"font-family: Arial, Helvetica, sans-serif; font-size: small; letter-spacing: normal;\">Mai multe informa\u021bii se reg\u0103sesc: <a href=\"https:\/\/uvt.ro\/wp-content\/uploads\/sites\/6\/2022\/12\/Brochure-IC-docenti_2023-1.pdf\" target=\"\">Brochure IC Docenti 2023 <\/a><\/span><\/i><\/b><\/p>\n<p><\/p>\t\t\t\t\t\t\t\t<\/div>\n\t\t\t\t<\/div>\n\t\t\t\t\t<\/div>\n\t\t<\/div>\n\t\t\t\t\t<\/div>\n\t\t<\/section>\n\t\t\t\t<section class=\"elementor-section elementor-top-section elementor-element elementor-element-a7f59dc elementor-section-boxed elementor-section-height-default elementor-section-height-default\" data-id=\"a7f59dc\" data-element_type=\"section\" data-settings=\"{&quot;jet_parallax_layout_list&quot;:[{&quot;jet_parallax_layout_image&quot;:{&quot;url&quot;:&quot;&quot;,&quot;id&quot;:&quot;&quot;,&quot;size&quot;:&quot;&quot;},&quot;_id&quot;:&quot;7365d71&quot;,&quot;jet_parallax_layout_image_tablet&quot;:{&quot;url&quot;:&quot;&quot;,&quot;id&quot;:&quot;&quot;,&quot;size&quot;:&quot;&quot;},&quot;jet_parallax_layout_image_mobile&quot;:{&quot;url&quot;:&quot;&quot;,&quot;id&quot;:&quot;&quot;,&quot;size&quot;:&quot;&quot;},&quot;jet_parallax_layout_speed&quot;:{&quot;unit&quot;:&quot;%&quot;,&quot;size&quot;:50,&quot;sizes&quot;:[]},&quot;jet_parallax_layout_type&quot;:&quot;scroll&quot;,&quot;jet_parallax_layout_direction&quot;:&quot;1&quot;,&quot;jet_parallax_layout_fx_direction&quot;:null,&quot;jet_parallax_layout_z_index&quot;:&quot;&quot;,&quot;jet_parallax_layout_bg_x&quot;:50,&quot;jet_parallax_layout_bg_x_tablet&quot;:&quot;&quot;,&quot;jet_parallax_layout_bg_x_mobile&quot;:&quot;&quot;,&quot;jet_parallax_layout_bg_y&quot;:50,&quot;jet_parallax_layout_bg_y_tablet&quot;:&quot;&quot;,&quot;jet_parallax_layout_bg_y_mobile&quot;:&quot;&quot;,&quot;jet_parallax_layout_bg_size&quot;:&quot;auto&quot;,&quot;jet_parallax_layout_bg_size_tablet&quot;:&quot;&quot;,&quot;jet_parallax_layout_bg_size_mobile&quot;:&quot;&quot;,&quot;jet_parallax_layout_animation_prop&quot;:&quot;transform&quot;,&quot;jet_parallax_layout_on&quot;:[&quot;desktop&quot;,&quot;tablet&quot;]}]}\">\n\t\t\t\t\t\t<div class=\"elementor-container elementor-column-gap-default\">\n\t\t\t\t\t<div class=\"elementor-column elementor-col-100 elementor-top-column elementor-element elementor-element-c6ccea2\" data-id=\"c6ccea2\" data-element_type=\"column\">\n\t\t\t<div class=\"elementor-widget-wrap\">\n\t\t\t\t\t\t\t<\/div>\n\t\t<\/div>\n\t\t\t\t\t<\/div>\n\t\t<\/section>\n\t\t\t\t<\/div>\n\t\t","protected":false},"excerpt":{"rendered":"<p>V\u0103 pute\u021bi \u00eenscrie la Cursul de Intercomprehensiune pentru profesori\u00a0p\u00e2n\u0103 la data de 15 ianuarie 2023. UNITA ofer\u0103 un curs de formare \u00een Intercomprehensiune pentru profesori.\u00a0 Competen\u021bele dezvoltate \u00een cadrul cursului vizeaz\u0103 predarea conceptului de intercomprehensiune \u00een familia de limbi romanice.\u00a0 Participan\u021bilor li se acord\u0103 certificare digital\u0103: Open Badge Training for Intercomprehension Teachers. Informa\u021bii \u0219i \u00eenscriere [&hellip;]<\/p>\n","protected":false},"author":13,"featured_media":995,"comment_status":"open","ping_status":"open","sticky":false,"template":"","format":"standard","meta":{"footnotes":"","_links_to":"","_links_to_target":""},"categories":[22],"tags":[21],"class_list":["post-992","post","type-post","status-publish","format-standard","has-post-thumbnail","hentry","category-eveniment","tag-eveniment"],"_links":{"self":[{"href":"https:\/\/uvt.ro\/unita\/wp-json\/wp\/v2\/posts\/992","targetHints":{"allow":["GET"]}}],"collection":[{"href":"https:\/\/uvt.ro\/unita\/wp-json\/wp\/v2\/posts"}],"about":[{"href":"https:\/\/uvt.ro\/unita\/wp-json\/wp\/v2\/types\/post"}],"author":[{"embeddable":true,"href":"https:\/\/uvt.ro\/unita\/wp-json\/wp\/v2\/users\/13"}],"replies":[{"embeddable":true,"href":"https:\/\/uvt.ro\/unita\/wp-json\/wp\/v2\/comments?post=992"}],"version-history":[{"count":5,"href":"https:\/\/uvt.ro\/unita\/wp-json\/wp\/v2\/posts\/992\/revisions"}],"predecessor-version":[{"id":1000,"href":"https:\/\/uvt.ro\/unita\/wp-json\/wp\/v2\/posts\/992\/revisions\/1000"}],"wp:featuredmedia":[{"embeddable":true,"href":"https:\/\/uvt.ro\/unita\/wp-json\/wp\/v2\/media\/995"}],"wp:attachment":[{"href":"https:\/\/uvt.ro\/unita\/wp-json\/wp\/v2\/media?parent=992"}],"wp:term":[{"taxonomy":"category","embeddable":true,"href":"https:\/\/uvt.ro\/unita\/wp-json\/wp\/v2\/categories?post=992"},{"taxonomy":"post_tag","embeddable":true,"href":"https:\/\/uvt.ro\/unita\/wp-json\/wp\/v2\/tags?post=992"}],"curies":[{"name":"wp","href":"https:\/\/api.w.org\/{rel}","templated":true}]}}